{"id":4262,"date":"2020-05-20T10:49:27","date_gmt":"2020-05-20T08:49:27","guid":{"rendered":"http:\/\/agora.xtec.cat\/ceippractiques2-lleida\/?p=4262"},"modified":"2020-05-20T10:50:20","modified_gmt":"2020-05-20T08:50:20","slug":"estany-divars-vila-sana","status":"publish","type":"post","link":"https:\/\/agora.xtec.cat\/ceippractiques2-lleida\/general\/estany-divars-vila-sana\/","title":{"rendered":"Estany d&#8217;Ivars Vila-Sana"},"content":{"rendered":"<p>Situat a la comarca del Pla d&#8217;Urgell, l&#8217;Estany d&#8217;Ivars i Vila-sana \u00e9s un dels espais naturals m\u00e9s singulars i atractius de les nostres terres. \u00c9s l&#8217;estany amb major superf\u00edcie de Catalunya i compta amb una biodiversitat de flora i fauna molt important. <a href=\"https:\/\/estanyivarsvilasana.cat\"><span style=\"color: #ff0000;\">Si el vols con\u00e8ixer ho pots fer aqu\u00ed<\/span><\/a>. Podr\u00e0s fer un tomb virtual pels seus meravellosos paratges !<\/p>\n<p><a href=\"https:\/\/estanyivarsvilasana.cat\"><img loading=\"lazy\" decoding=\"async\" class=\"alignnone \" src=\"https:\/\/c0.wallpaperflare.com\/preview\/458\/551\/737\/spain-vila-sana-estany-d-ivars-i-vila-sana-lake.jpg\" alt=\"Feu clic !\" width=\"684\" height=\"455\" \/><\/a><\/p>\n","protected":false},"excerpt":{"rendered":"<p>Situat a la comarca del Pla d&#8217;Urgell, l&#8217;Estany d&#8217;Ivars i Vila-sana \u00e9s un dels espais naturals m\u00e9s singulars i atractius de les nostres terres. \u00c9s l&#8217;estany amb major superf\u00edcie de Catalunya i compta amb una biodiversitat de flora i fauna molt important. <a href=\"https:\/\/estanyivarsvilasana.cat\">Si el&hellip;  <a href=\"https:\/\/agora.xtec.cat\/ceippractiques2-lleida\/general\/estany-divars-vila-sana\/\" title=\"Read Estany d&#8217;Ivars Vila-Sana\">Llegeix m\u00e9s\u00bb<\/a><\/p>\n","protected":false},"author":1,"featured_media":0,"comment_status":"open","ping_status":"closed","sticky":false,"template":"","format":"standard","meta":{"_bbp_topic_count":0,"_bbp_reply_count":0,"_bbp_total_topic_count":0,"_bbp_total_reply_count":0,"_bbp_voice_count":0,"_bbp_anonymous_reply_count":0,"_bbp_topic_count_hidden":0,"_bbp_reply_count_hidden":0,"_bbp_forum_subforum_count":0,"footnotes":""},"categories":[12,13,1,4],"tags":[66,131],"class_list":["post-4262","post","type-post","status-publish","format-standard","hentry","category-3r","category-4t","category-general","category-portada","tag-cicle-mitja","tag-confinament"],"post_mailing_queue_ids":[],"_links":{"self":[{"href":"https:\/\/agora.xtec.cat\/ceippractiques2-lleida\/wp-json\/wp\/v2\/posts\/4262","targetHints":{"allow":["GET"]}}],"collection":[{"href":"https:\/\/agora.xtec.cat\/ceippractiques2-lleida\/wp-json\/wp\/v2\/posts"}],"about":[{"href":"https:\/\/agora.xtec.cat\/ceippractiques2-lleida\/wp-json\/wp\/v2\/types\/post"}],"author":[{"embeddable":true,"href":"https:\/\/agora.xtec.cat\/ceippractiques2-lleida\/wp-json\/wp\/v2\/users\/1"}],"replies":[{"embeddable":true,"href":"https:\/\/agora.xtec.cat\/ceippractiques2-lleida\/wp-json\/wp\/v2\/comments?post=4262"}],"version-history":[{"count":1,"href":"https:\/\/agora.xtec.cat\/ceippractiques2-lleida\/wp-json\/wp\/v2\/posts\/4262\/revisions"}],"predecessor-version":[{"id":4263,"href":"https:\/\/agora.xtec.cat\/ceippractiques2-lleida\/wp-json\/wp\/v2\/posts\/4262\/revisions\/4263"}],"wp:attachment":[{"href":"https:\/\/agora.xtec.cat\/ceippractiques2-lleida\/wp-json\/wp\/v2\/media?parent=4262"}],"wp:term":[{"taxonomy":"category","embeddable":true,"href":"https:\/\/agora.xtec.cat\/ceippractiques2-lleida\/wp-json\/wp\/v2\/categories?post=4262"},{"taxonomy":"post_tag","embeddable":true,"href":"https:\/\/agora.xtec.cat\/ceippractiques2-lleida\/wp-json\/wp\/v2\/tags?post=4262"}],"curies":[{"name":"wp","href":"https:\/\/api.w.org\/{rel}","templated":true}]}}