{"id":4248,"date":"2020-05-20T08:47:32","date_gmt":"2020-05-20T06:47:32","guid":{"rendered":"http:\/\/agora.xtec.cat\/ceippractiques2-lleida\/?p=4248"},"modified":"2020-05-20T08:47:32","modified_gmt":"2020-05-20T06:47:32","slug":"la-pedrera-de-barcelona","status":"publish","type":"post","link":"https:\/\/agora.xtec.cat\/ceippractiques2-lleida\/general\/la-pedrera-de-barcelona\/","title":{"rendered":"LA PEDRERA DE BARCELONA"},"content":{"rendered":"<p><span style=\"font-weight: 400;\">Si voleu visitar La Pedrera, un dels edificis m\u00e9s emblem\u00e0tics d\u2019Antoni Gaud\u00ed, ho podeu fer des de casa amb un tour virtual. A m\u00e9s, tamb\u00e9 podeu fer els passatemps i les manualitats que proposen.<\/span><\/p>\n<p><strong>VISITA VIRTUAL<\/strong> <a href=\"https:\/\/agora.xtec.cat\/ceippractiques2-lleida\/wp-content\/uploads\/usu635\/2020\/05\/FLETXA.gif\"><img loading=\"lazy\" decoding=\"async\" class=\"alignnone wp-image-4250\" src=\"https:\/\/agora.xtec.cat\/ceippractiques2-lleida\/wp-content\/uploads\/usu635\/2020\/05\/FLETXA.gif\" alt=\"\" width=\"58\" height=\"43\" \/><\/a><\/p>\n<p><a href=\"https:\/\/www.lapedrera.com\/visita-virtual\/ \"><img loading=\"lazy\" decoding=\"async\" class=\"alignnone wp-image-4249 size-large\" src=\"https:\/\/agora.xtec.cat\/ceippractiques2-lleida\/wp-content\/uploads\/usu635\/2020\/05\/PEDRERA-1024x445.jpg\" alt=\"\" width=\"1024\" height=\"445\" srcset=\"https:\/\/agora.xtec.cat\/ceippractiques2-lleida\/wp-content\/uploads\/usu635\/2020\/05\/PEDRERA-1024x445.jpg 1024w, https:\/\/agora.xtec.cat\/ceippractiques2-lleida\/wp-content\/uploads\/usu635\/2020\/05\/PEDRERA-300x130.jpg 300w, https:\/\/agora.xtec.cat\/ceippractiques2-lleida\/wp-content\/uploads\/usu635\/2020\/05\/PEDRERA-768x334.jpg 768w, https:\/\/agora.xtec.cat\/ceippractiques2-lleida\/wp-content\/uploads\/usu635\/2020\/05\/PEDRERA.jpg 1628w\" sizes=\"auto, (max-width: 1024px) 100vw, 1024px\" \/><\/a><\/p>\n<p><img loading=\"lazy\" decoding=\"async\" class=\"\" src=\"https:\/\/agora.xtec.cat\/ceippractiques2-lleida\/wp-content\/uploads\/usu635\/2020\/05\/FLETXA.gif\" width=\"55\" height=\"41\" \/><\/p>\n<p><span style=\"font-size: 24px;\"><strong><a href=\"https:\/\/www.fundaciocatalunya-lapedrera.com\/ca\/activitats-educatives\">Activitats educatives<\/a><\/strong><\/span><span style=\"font-weight: 400;\"><strong> (Passatemps i manualitats)<\/strong><\/span><\/p>\n","protected":false},"excerpt":{"rendered":"<p>Si voleu visitar La Pedrera, un dels edificis m\u00e9s emblem\u00e0tics d\u2019Antoni Gaud\u00ed, ho podeu fer des de casa amb un tour virtual. A m\u00e9s, tamb\u00e9 podeu fer els passatemps i les manualitats que proposen.<br \/>\nVISITA VIRTUAL <a href=\"https:\/\/agora.xtec.cat\/ceippractiques2-lleida\/wp-content\/uploads\/usu635\/2020\/05\/FLETXA.gif\"><\/a><br \/>\n<a href=\"https:\/\/www.lapedrera.com\/visita-virtual\/ \"><\/a><\/p>\n<p><a href=\"https:\/\/www.fundaciocatalunya-lapedrera.com\/ca\/activitats-educatives\">Activitats educatives<\/a> (Passatemps i manualitats)<\/p>\n","protected":false},"author":1,"featured_media":4255,"comment_status":"open","ping_status":"closed","sticky":false,"template":"","format":"standard","meta":{"_bbp_topic_count":0,"_bbp_reply_count":0,"_bbp_total_topic_count":0,"_bbp_total_reply_count":0,"_bbp_voice_count":0,"_bbp_anonymous_reply_count":0,"_bbp_topic_count_hidden":0,"_bbp_reply_count_hidden":0,"_bbp_forum_subforum_count":0,"footnotes":""},"categories":[1,4],"tags":[],"class_list":["post-4248","post","type-post","status-publish","format-standard","has-post-thumbnail","hentry","category-general","category-portada"],"post_mailing_queue_ids":[],"_links":{"self":[{"href":"https:\/\/agora.xtec.cat\/ceippractiques2-lleida\/wp-json\/wp\/v2\/posts\/4248","targetHints":{"allow":["GET"]}}],"collection":[{"href":"https:\/\/agora.xtec.cat\/ceippractiques2-lleida\/wp-json\/wp\/v2\/posts"}],"about":[{"href":"https:\/\/agora.xtec.cat\/ceippractiques2-lleida\/wp-json\/wp\/v2\/types\/post"}],"author":[{"embeddable":true,"href":"https:\/\/agora.xtec.cat\/ceippractiques2-lleida\/wp-json\/wp\/v2\/users\/1"}],"replies":[{"embeddable":true,"href":"https:\/\/agora.xtec.cat\/ceippractiques2-lleida\/wp-json\/wp\/v2\/comments?post=4248"}],"version-history":[{"count":3,"href":"https:\/\/agora.xtec.cat\/ceippractiques2-lleida\/wp-json\/wp\/v2\/posts\/4248\/revisions"}],"predecessor-version":[{"id":4254,"href":"https:\/\/agora.xtec.cat\/ceippractiques2-lleida\/wp-json\/wp\/v2\/posts\/4248\/revisions\/4254"}],"wp:featuredmedia":[{"embeddable":true,"href":"https:\/\/agora.xtec.cat\/ceippractiques2-lleida\/wp-json\/wp\/v2\/media\/4255"}],"wp:attachment":[{"href":"https:\/\/agora.xtec.cat\/ceippractiques2-lleida\/wp-json\/wp\/v2\/media?parent=4248"}],"wp:term":[{"taxonomy":"category","embeddable":true,"href":"https:\/\/agora.xtec.cat\/ceippractiques2-lleida\/wp-json\/wp\/v2\/categories?post=4248"},{"taxonomy":"post_tag","embeddable":true,"href":"https:\/\/agora.xtec.cat\/ceippractiques2-lleida\/wp-json\/wp\/v2\/tags?post=4248"}],"curies":[{"name":"wp","href":"https:\/\/api.w.org\/{rel}","templated":true}]}}