{"id":4196,"date":"2020-05-09T11:39:09","date_gmt":"2020-05-09T09:39:09","guid":{"rendered":"http:\/\/agora.xtec.cat\/ceippractiques2-lleida\/?p=4196"},"modified":"2020-09-26T21:15:18","modified_gmt":"2020-09-26T19:15:18","slug":"preinscripcio-i-matricula-20-21","status":"publish","type":"post","link":"https:\/\/agora.xtec.cat\/ceippractiques2-lleida\/general\/preinscripcio-i-matricula-20-21\/","title":{"rendered":"PREINSCRIPCI\u00d3 I MATR\u00cdCULA 20-21"},"content":{"rendered":"<div style=\"text-align: center;\">COMEN\u00c7A EL PER\u00cdODE DE PREINSCRIPCI\u00d3 I MATR\u00cdCULA PER AL CURS 2020-21!<\/div>\n<div style=\"text-align: center;\"><strong><span style=\"color: #ff0000;\">DEL 13 AL 22 DE MAIG<\/span><\/strong><\/div>\n<div><\/div>\n<div><\/div>\n<div>\n<ul>\n<li style=\"font-weight: 400; text-align: left;\"><a href=\"https:\/\/drive.google.com\/file\/d\/1yLKZClgMhYgbWOB2H-vTpoSTbbYk_kLe\/view?usp=sharing\"><span style=\"font-weight: 400;\">CALENDARI DEL PROCEDIMENT<\/span><\/a><\/li>\n<li style=\"font-weight: 400; text-align: left;\"><a href=\"https:\/\/drive.google.com\/file\/d\/1dnyHlSenlSi0-SJZMO7iVihZHaJhyOBM\/view?usp=sharing\"><span style=\"font-weight: 400;\">OFERTA INICIAL PLACES ESCOLA<\/span><\/a><\/li>\n<li style=\"font-weight: 400; text-align: left;\"><a href=\"https:\/\/drive.google.com\/file\/d\/1bQionO7n679qk2fWyJoxwGTGVFbatf7T\/view?usp=sharing\"><span style=\"font-weight: 400;\">INSTRUCCIONS I ENLLA\u00c7 SOL.LICITUD<\/span><\/a><\/li>\n<li><a href=\"https:\/\/drive.google.com\/file\/d\/1udI3jF-gRfxlc2CpnqiuHb3H_XFTpzaK\/view?usp=sharing\">BAREMACI\u00d3 PROVISIONAL SOL.LICITUDS PRESENTADES<\/a><\/li>\n<li><a href=\"https:\/\/drive.google.com\/file\/d\/13mHCPCtanCr50MO6IWL1lQsCin10h65d\/view?usp=sharing\">BAREMACI\u00d3 DEFINITIVA SOL\u00b7LICITUDS PRESENTADES<\/a> &#8211; Actualitzat 09\/06\/20<\/li>\n<li><a href=\"https:\/\/drive.google.com\/file\/d\/16CtHedXG4U1inuvWr4rDktcEG3y1lFBF\/view?usp=sharing\">LLISTA DE SOL\u00b7LICITUDS DEFINITIVES PER ORDRE DE PUNTUACI\u00d3<\/a> &#8211; Actualitzat 11\/06\/20<\/li>\n<li><a href=\"https:\/\/drive.google.com\/file\/d\/1dpkv6jHgdq5UMRMdJhD-sY5KPyyh7tPp\/view?usp=sharing\">LLISTA D&#8217;ALUMNES ASSIGNATS AL CENTRE<\/a>&#8211; Actualitzat 07\/07\/20<\/li>\n<li><a href=\"https:\/\/drive.google.com\/file\/d\/1mGrF8ZelXd_9jVFHvrlSYFlEo2vUPcTw\/view?usp=sharing\">PUBLICACI\u00d3 DE LA LLISTA D&#8217;ESPERA AL CENTRE<\/a>&#8211; Actualitzat 07\/07\/20<\/li>\n<\/ul>\n<p><span style=\"color: #ff0000;\">Verifiqueu que les dades s\u00f3n correctes i si hi ha alguna errada, presenteu una reclamaci\u00f3 per correu electr\u00f2nic al correu oficial del centre:\u00a0\u00a0<\/span><a href=\"mailto:c5008212@xtec.cat\" target=\"_blank\" rel=\"noopener noreferrer\">c5008212@xtec.cat<\/a><\/p>\n<p><span style=\"font-weight: 400;\">\u00a0\u00a0\u00a0\u00a0\u00a0\u00a0\u00a0\u00a0\u00a0\u00a0\u00a0\u00a0\u00a0\u00a0\u00a0\u00a0\u00a0\u00a0\u00a0\u00a0\u00a0\u00a0\u00a0\u00a0\u00a0\u00a0\u00a0\u00a0\u00a0\u00a0\u00a0Restem a la vostra disposici\u00f3 per a qualsevol consulta.<\/span><\/p>\n<\/div>\n<div><\/div>\n","protected":false},"excerpt":{"rendered":"<p>COMEN\u00c7A EL PER\u00cdODE DE PREINSCRIPCI\u00d3 I MATR\u00cdCULA PER AL CURS 2020-21!<br \/>\nDEL 13 AL 22 DE MAIG<\/p>\n<ul>\n<li style=\"font-weight: 400; text-align: left;\"><a href=\"https:\/\/drive.google.com\/file\/d\/1yLKZClgMhYgbWOB2H-vTpoSTbbYk_kLe\/view?usp=sharing\">CALENDARI DEL PROCEDIMENT<\/a><\/li>\n<li style=\"font-weight: 400; text-align: left;\"><a href=\"https:\/\/drive.google.com\/file\/d\/1dnyHlSenlSi0-SJZMO7iVihZHaJhyOBM\/view?usp=sharing\">OFERTA INICIAL PLACES ESCOLA<\/a><\/li>\n<li style=\"font-weight: 400; text-align: left;\"><a href=\"https:\/\/drive.google.com\/file\/d\/1bQionO7n679qk2fWyJoxwGTGVFbatf7T\/view?usp=sharing\">INSTRUCCIONS I ENLLA\u00c7 SOL.LICITUD<\/a><\/li>\n<li><a href=\"https:\/\/drive.google.com\/file\/d\/1udI3jF-gRfxlc2CpnqiuHb3H_XFTpzaK\/view?usp=sharing\">BAREMACI\u00d3 PROVISIONAL SOL.LICITUDS PRESENTADES<\/a><\/li>\n<li><a href=\"https:\/\/drive.google.com\/file\/d\/13mHCPCtanCr50MO6IWL1lQsCin10h65d\/view?usp=sharing\">BAREMACI\u00d3 DEFINITIVA&hellip;  <a href=\"https:\/\/agora.xtec.cat\/ceippractiques2-lleida\/general\/preinscripcio-i-matricula-20-21\/\" title=\"Read PREINSCRIPCI\u00d3 I MATR\u00cdCULA 20-21\">Llegeix m\u00e9s\u00bb<\/a><br \/>\n","protected":false},"author":1,"featured_media":0,"comment_status":"open","ping_status":"closed","sticky":false,"template":"","format":"standard","meta":{"_bbp_topic_count":0,"_bbp_reply_count":0,"_bbp_total_topic_count":0,"_bbp_total_reply_count":0,"_bbp_voice_count":0,"_bbp_anonymous_reply_count":0,"_bbp_topic_count_hidden":0,"_bbp_reply_count_hidden":0,"_bbp_forum_subforum_count":0,"footnotes":""},"categories":[1,4],"tags":[131,138,137],"class_list":["post-4196","post","type-post","status-publish","format-standard","hentry","category-general","category-portada","tag-confinament","tag-matricula","tag-preinscripcio"],"post_mailing_queue_ids":[],"_links":{"self":[{"href":"https:\/\/agora.xtec.cat\/ceippractiques2-lleida\/wp-json\/wp\/v2\/posts\/4196","targetHints":{"allow":["GET"]}}],"collection":[{"href":"https:\/\/agora.xtec.cat\/ceippractiques2-lleida\/wp-json\/wp\/v2\/posts"}],"about":[{"href":"https:\/\/agora.xtec.cat\/ceippractiques2-lleida\/wp-json\/wp\/v2\/types\/post"}],"author":[{"embeddable":true,"href":"https:\/\/agora.xtec.cat\/ceippractiques2-lleida\/wp-json\/wp\/v2\/users\/1"}],"replies":[{"embeddable":true,"href":"https:\/\/agora.xtec.cat\/ceippractiques2-lleida\/wp-json\/wp\/v2\/comments?post=4196"}],"version-history":[{"count":4,"href":"https:\/\/agora.xtec.cat\/ceippractiques2-lleida\/wp-json\/wp\/v2\/posts\/4196\/revisions"}],"predecessor-version":[{"id":4352,"href":"https:\/\/agora.xtec.cat\/ceippractiques2-lleida\/wp-json\/wp\/v2\/posts\/4196\/revisions\/4352"}],"wp:attachment":[{"href":"https:\/\/agora.xtec.cat\/ceippractiques2-lleida\/wp-json\/wp\/v2\/media?parent=4196"}],"wp:term":[{"taxonomy":"category","embeddable":true,"href":"https:\/\/agora.xtec.cat\/ceippractiques2-lleida\/wp-json\/wp\/v2\/categories?post=4196"},{"taxonomy":"post_tag","embeddable":true,"href":"https:\/\/agora.xtec.cat\/ceippractiques2-lleida\/wp-json\/wp\/v2\/tags?post=4196"}],"curies":[{"name":"wp","href":"https:\/\/api.w.org\/{rel}","templated":true}]}}