{"id":4179,"date":"2020-05-06T09:07:34","date_gmt":"2020-05-06T07:07:34","guid":{"rendered":"http:\/\/agora.xtec.cat\/ceippractiques2-lleida\/?p=4179"},"modified":"2020-05-06T09:12:47","modified_gmt":"2020-05-06T07:12:47","slug":"booktube-el-llibre-confinat","status":"publish","type":"post","link":"https:\/\/agora.xtec.cat\/ceippractiques2-lleida\/general\/booktube-el-llibre-confinat\/","title":{"rendered":"BookTube-El llibre confinat"},"content":{"rendered":"<p>Des de l&#8217;escola ens volem afegir a aquest repte-proposta del CRP del Segri\u00e0 per promoure la lectura durant el confinament. Va adre\u00e7at a l&#8217;alumnat de cicle mitj\u00e0 i cicle superior de Prim\u00e0ria i de 1r i 2n d&#8217;ESO (entre 8 i 14 anys).<\/p>\n<p>Es tracta de combinar la passi\u00f3 per la lectura i el repte de ser youtubers per uns instants. Consisteix en fer una v\u00eddeoresenya divertida del millor llibre que heu llegit durant el confinament. Teniu de temps fins a finals de maig per enviar les vostres produccions a c5990102@xtec.cat. Tots els v\u00eddeos rebuts es penjaran en el seg\u00fcent <a href=\"https:\/\/sites.google.com\/xtec.cat\/elllibreconfinat\" target=\"_blank\" rel=\"nofollow noopener noreferrer\"><strong>web del projecte.<\/strong><\/a><\/p>\n<p><a href=\"https:\/\/agora.xtec.cat\/ceippractiques2-lleida\/wp-content\/uploads\/usu635\/2020\/05\/BookTube-El-llibre-confinat.jpg\"><img loading=\"lazy\" decoding=\"async\" class=\"aligncenter wp-image-4180 size-medium\" src=\"https:\/\/agora.xtec.cat\/ceippractiques2-lleida\/wp-content\/uploads\/usu635\/2020\/05\/BookTube-El-llibre-confinat-213x300.jpg\" alt=\"\" width=\"213\" height=\"300\" srcset=\"https:\/\/agora.xtec.cat\/ceippractiques2-lleida\/wp-content\/uploads\/usu635\/2020\/05\/BookTube-El-llibre-confinat-213x300.jpg 213w, https:\/\/agora.xtec.cat\/ceippractiques2-lleida\/wp-content\/uploads\/usu635\/2020\/05\/BookTube-El-llibre-confinat.jpg 542w\" sizes=\"auto, (max-width: 213px) 100vw, 213px\" \/><\/a><\/p>\n","protected":false},"excerpt":{"rendered":"<p>Des de l&#8217;escola ens volem afegir a aquest repte-proposta del CRP del Segri\u00e0 per promoure la lectura durant el confinament. Va adre\u00e7at a l&#8217;alumnat de cicle mitj\u00e0 i cicle superior de Prim\u00e0ria i de 1r i 2n d&#8217;ESO (entre 8 i 14 anys).<br \/>\nEs tracta de&hellip;  <a href=\"https:\/\/agora.xtec.cat\/ceippractiques2-lleida\/general\/booktube-el-llibre-confinat\/\" title=\"Read BookTube-El llibre confinat\">Llegeix m\u00e9s\u00bb<\/a><\/p>\n","protected":false},"author":10,"featured_media":0,"comment_status":"open","ping_status":"closed","sticky":false,"template":"","format":"standard","meta":{"_bbp_topic_count":0,"_bbp_reply_count":0,"_bbp_total_topic_count":0,"_bbp_total_reply_count":0,"_bbp_voice_count":0,"_bbp_anonymous_reply_count":0,"_bbp_topic_count_hidden":0,"_bbp_reply_count_hidden":0,"_bbp_forum_subforum_count":0,"footnotes":""},"categories":[12,13,14,15,1,4],"tags":[],"class_list":["post-4179","post","type-post","status-publish","format-standard","hentry","category-3r","category-4t","category-5e","category-6e","category-general","category-portada"],"post_mailing_queue_ids":[],"_links":{"self":[{"href":"https:\/\/agora.xtec.cat\/ceippractiques2-lleida\/wp-json\/wp\/v2\/posts\/4179","targetHints":{"allow":["GET"]}}],"collection":[{"href":"https:\/\/agora.xtec.cat\/ceippractiques2-lleida\/wp-json\/wp\/v2\/posts"}],"about":[{"href":"https:\/\/agora.xtec.cat\/ceippractiques2-lleida\/wp-json\/wp\/v2\/types\/post"}],"author":[{"embeddable":true,"href":"https:\/\/agora.xtec.cat\/ceippractiques2-lleida\/wp-json\/wp\/v2\/users\/10"}],"replies":[{"embeddable":true,"href":"https:\/\/agora.xtec.cat\/ceippractiques2-lleida\/wp-json\/wp\/v2\/comments?post=4179"}],"version-history":[{"count":3,"href":"https:\/\/agora.xtec.cat\/ceippractiques2-lleida\/wp-json\/wp\/v2\/posts\/4179\/revisions"}],"predecessor-version":[{"id":4185,"href":"https:\/\/agora.xtec.cat\/ceippractiques2-lleida\/wp-json\/wp\/v2\/posts\/4179\/revisions\/4185"}],"wp:attachment":[{"href":"https:\/\/agora.xtec.cat\/ceippractiques2-lleida\/wp-json\/wp\/v2\/media?parent=4179"}],"wp:term":[{"taxonomy":"category","embeddable":true,"href":"https:\/\/agora.xtec.cat\/ceippractiques2-lleida\/wp-json\/wp\/v2\/categories?post=4179"},{"taxonomy":"post_tag","embeddable":true,"href":"https:\/\/agora.xtec.cat\/ceippractiques2-lleida\/wp-json\/wp\/v2\/tags?post=4179"}],"curies":[{"name":"wp","href":"https:\/\/api.w.org\/{rel}","templated":true}]}}