{"id":4121,"date":"2020-04-25T19:24:46","date_gmt":"2020-04-25T17:24:46","guid":{"rendered":"http:\/\/agora.xtec.cat\/ceippractiques2-lleida\/?p=4121"},"modified":"2020-04-25T19:28:04","modified_gmt":"2020-04-25T17:28:04","slug":"sortim-al-carrer","status":"publish","type":"post","link":"https:\/\/agora.xtec.cat\/ceippractiques2-lleida\/portada\/sortim-al-carrer\/","title":{"rendered":"Sortim al carrer !"},"content":{"rendered":"<p>Benvolgudes fam\u00edlies de l\u2019escola,<\/p>\n<p>Dem\u00e0 diumenge els vostres fills i filles podran comen\u00e7ar a sortir al carrer amb vosaltres. Podran passejar, saltar, c\u00f3rrer, anar en bici o patinet.\u00a0 De ben segur que ho estan esperant, amb ganes i il.lusi\u00f3. Ser\u00e0 un dia especial per a tota la fam\u00edlia. Quina emoci\u00f3 despr\u00e9s de tants dies confinats!<\/p>\n<p><img loading=\"lazy\" decoding=\"async\" class=\"alignright\" src=\"https:\/\/storage.needpix.com\/rsynced_images\/children-159352_1280.png\" width=\"213\" height=\"212\" \/><\/p>\n<p>Perqu\u00e8 els nens i les nenes tinguin un bon passeig, els fem arribar un <strong>conte<\/strong> on un \u00f3s llaminer els explica quan i com sortir al carrer.\u00a0 Esperem que els agradi!<\/p>\n<p>Que tingueu un bon diumenge. Fins aviat !<\/p>\n<p>Atentament,<\/p>\n<p>Equip educatiu escola Pr\u00e0ctiques II<\/p>\n<p>&nbsp;<\/p>\n<div style=\"text-align: center;\">\n<div style=\"margin: 8px 0px 4px;\"><a href=\"https:\/\/www.calameo.com\/books\/0017213845b906d8d6149\" target=\"_blank\" rel=\"noopener noreferrer\">Sortida Al Carrer Dels Nens I Les Nenes<\/a><\/div>\n<p><iframe loading=\"lazy\" src=\"\/\/v.calameo.com\/?bkcode=0017213845b906d8d6149&amp;mode=mini\" width=\"480\" height=\"300\" frameborder=\"0\"><\/iframe><\/p>\n<div style=\"margin: 4px 0px 8px;\"><a href=\"http:\/\/www.calameo.com\/\" target=\"_blank\" rel=\"noopener noreferrer\">Leer m\u00e1s publicaciones en Calam\u00e9o<\/a><\/div>\n<\/div>\n","protected":false},"excerpt":{"rendered":"<p>Benvolgudes fam\u00edlies de l\u2019escola,<br \/>\nDem\u00e0 diumenge els vostres fills i filles podran comen\u00e7ar a sortir al carrer amb vosaltres. Podran passejar, saltar, c\u00f3rrer, anar en bici o patinet.\u00a0 De ben segur que ho estan esperant, amb ganes i il.lusi\u00f3. Ser\u00e0 un dia especial per a tota&hellip;  <a href=\"https:\/\/agora.xtec.cat\/ceippractiques2-lleida\/portada\/sortim-al-carrer\/\" title=\"Read Sortim al carrer !\">Llegeix m\u00e9s\u00bb<\/a><\/p>\n","protected":false},"author":1,"featured_media":0,"comment_status":"open","ping_status":"closed","sticky":false,"template":"","format":"standard","meta":{"_bbp_topic_count":0,"_bbp_reply_count":0,"_bbp_total_topic_count":0,"_bbp_total_reply_count":0,"_bbp_voice_count":0,"_bbp_anonymous_reply_count":0,"_bbp_topic_count_hidden":0,"_bbp_reply_count_hidden":0,"_bbp_forum_subforum_count":0,"footnotes":""},"categories":[4],"tags":[136,131],"class_list":["post-4121","post","type-post","status-publish","format-standard","hentry","category-portada","tag-calameo","tag-confinament"],"post_mailing_queue_ids":[],"_links":{"self":[{"href":"https:\/\/agora.xtec.cat\/ceippractiques2-lleida\/wp-json\/wp\/v2\/posts\/4121","targetHints":{"allow":["GET"]}}],"collection":[{"href":"https:\/\/agora.xtec.cat\/ceippractiques2-lleida\/wp-json\/wp\/v2\/posts"}],"about":[{"href":"https:\/\/agora.xtec.cat\/ceippractiques2-lleida\/wp-json\/wp\/v2\/types\/post"}],"author":[{"embeddable":true,"href":"https:\/\/agora.xtec.cat\/ceippractiques2-lleida\/wp-json\/wp\/v2\/users\/1"}],"replies":[{"embeddable":true,"href":"https:\/\/agora.xtec.cat\/ceippractiques2-lleida\/wp-json\/wp\/v2\/comments?post=4121"}],"version-history":[{"count":2,"href":"https:\/\/agora.xtec.cat\/ceippractiques2-lleida\/wp-json\/wp\/v2\/posts\/4121\/revisions"}],"predecessor-version":[{"id":4123,"href":"https:\/\/agora.xtec.cat\/ceippractiques2-lleida\/wp-json\/wp\/v2\/posts\/4121\/revisions\/4123"}],"wp:attachment":[{"href":"https:\/\/agora.xtec.cat\/ceippractiques2-lleida\/wp-json\/wp\/v2\/media?parent=4121"}],"wp:term":[{"taxonomy":"category","embeddable":true,"href":"https:\/\/agora.xtec.cat\/ceippractiques2-lleida\/wp-json\/wp\/v2\/categories?post=4121"},{"taxonomy":"post_tag","embeddable":true,"href":"https:\/\/agora.xtec.cat\/ceippractiques2-lleida\/wp-json\/wp\/v2\/tags?post=4121"}],"curies":[{"name":"wp","href":"https:\/\/api.w.org\/{rel}","templated":true}]}}