{"id":4108,"date":"2020-04-21T22:30:03","date_gmt":"2020-04-21T20:30:03","guid":{"rendered":"http:\/\/agora.xtec.cat\/ceippractiques2-lleida\/?p=4108"},"modified":"2020-04-22T09:58:52","modified_gmt":"2020-04-22T07:58:52","slug":"espais-naturals-de-ponent","status":"publish","type":"post","link":"https:\/\/agora.xtec.cat\/ceippractiques2-lleida\/portada\/espais-naturals-de-ponent\/","title":{"rendered":"Espais naturals de Ponent"},"content":{"rendered":"<p>De ben segur si el drac hagu\u00e9s triat algun d&#8217;aquests espais naturals, a Sant Jordi li hauria costat una mica m\u00e9s trobar-lo.<\/p>\n<p><img loading=\"lazy\" decoding=\"async\" class=\"alignright\" src=\"https:\/\/cavallfort.cat\/wp-content\/uploads\/2018\/04\/llegenda1.png\" width=\"328\" height=\"257\" \/><\/p>\n<p>Si entreu a la web, podreu esbrinar per qu\u00e8. Aquests 20 espais naturals s\u00f3n una bona opci\u00f3 per, quan acabi aquest confinament, fer una visita amb els pares i gaudir de la natura. Ja ens direu quin us agrada m\u00e9s i ens podeu deixar el vostre comentari si ja n&#8217;heu visitat algun.<\/p>\n<p>Tamb\u00e9 ens podeu explicar quin creieu que seria el millor lloc perqu\u00e8\u00a0 Sant Jordi no trobi el drac. En quin d&#8217;aquests espais li ser\u00e0 m\u00e9s f\u00e0cil amagar-se?<\/p>\n<p>Vinga a investigar !!! FEU CLIC A LA ROSA<\/p>\n<p style=\"text-align: center;\"><a href=\"https:\/\/www.espaisnaturalsdeponent.cat\/ca\/espais-naturals-de-ponent\/\"><img loading=\"lazy\" decoding=\"async\" class=\"alignnone \" src=\"https:\/\/www.ofrendavirgendelpilar.com\/wp-content\/uploads\/2018\/09\/rosa-roja-ofrenda.jpg\" width=\"277\" height=\"277\" \/><\/a><\/p>\n<p>&nbsp;<\/p>\n","protected":false},"excerpt":{"rendered":"<p>De ben segur si el drac hagu\u00e9s triat algun d&#8217;aquests espais naturals, a Sant Jordi li hauria costat una mica m\u00e9s trobar-lo.<\/p>\n<p>Si entreu a la web, podreu esbrinar per qu\u00e8. Aquests 20 espais naturals s\u00f3n una bona opci\u00f3 per, quan acabi aquest confinament, fer una&hellip;  <a href=\"https:\/\/agora.xtec.cat\/ceippractiques2-lleida\/portada\/espais-naturals-de-ponent\/\" title=\"Read Espais naturals de Ponent\">Llegeix m\u00e9s\u00bb<\/a><\/p>\n","protected":false},"author":1,"featured_media":4109,"comment_status":"open","ping_status":"closed","sticky":false,"template":"","format":"standard","meta":{"_bbp_topic_count":0,"_bbp_reply_count":0,"_bbp_total_topic_count":0,"_bbp_total_reply_count":0,"_bbp_voice_count":0,"_bbp_anonymous_reply_count":0,"_bbp_topic_count_hidden":0,"_bbp_reply_count_hidden":0,"_bbp_forum_subforum_count":0,"footnotes":""},"categories":[4],"tags":[66,103],"class_list":["post-4108","post","type-post","status-publish","format-standard","has-post-thumbnail","hentry","category-portada","tag-cicle-mitja","tag-sant-jordi"],"post_mailing_queue_ids":[],"_links":{"self":[{"href":"https:\/\/agora.xtec.cat\/ceippractiques2-lleida\/wp-json\/wp\/v2\/posts\/4108","targetHints":{"allow":["GET"]}}],"collection":[{"href":"https:\/\/agora.xtec.cat\/ceippractiques2-lleida\/wp-json\/wp\/v2\/posts"}],"about":[{"href":"https:\/\/agora.xtec.cat\/ceippractiques2-lleida\/wp-json\/wp\/v2\/types\/post"}],"author":[{"embeddable":true,"href":"https:\/\/agora.xtec.cat\/ceippractiques2-lleida\/wp-json\/wp\/v2\/users\/1"}],"replies":[{"embeddable":true,"href":"https:\/\/agora.xtec.cat\/ceippractiques2-lleida\/wp-json\/wp\/v2\/comments?post=4108"}],"version-history":[{"count":4,"href":"https:\/\/agora.xtec.cat\/ceippractiques2-lleida\/wp-json\/wp\/v2\/posts\/4108\/revisions"}],"predecessor-version":[{"id":4114,"href":"https:\/\/agora.xtec.cat\/ceippractiques2-lleida\/wp-json\/wp\/v2\/posts\/4108\/revisions\/4114"}],"wp:featuredmedia":[{"embeddable":true,"href":"https:\/\/agora.xtec.cat\/ceippractiques2-lleida\/wp-json\/wp\/v2\/media\/4109"}],"wp:attachment":[{"href":"https:\/\/agora.xtec.cat\/ceippractiques2-lleida\/wp-json\/wp\/v2\/media?parent=4108"}],"wp:term":[{"taxonomy":"category","embeddable":true,"href":"https:\/\/agora.xtec.cat\/ceippractiques2-lleida\/wp-json\/wp\/v2\/categories?post=4108"},{"taxonomy":"post_tag","embeddable":true,"href":"https:\/\/agora.xtec.cat\/ceippractiques2-lleida\/wp-json\/wp\/v2\/tags?post=4108"}],"curies":[{"name":"wp","href":"https:\/\/api.w.org\/{rel}","templated":true}]}}