{"id":4082,"date":"2020-04-21T14:15:37","date_gmt":"2020-04-21T12:15:37","guid":{"rendered":"http:\/\/agora.xtec.cat\/ceippractiques2-lleida\/?p=4082"},"modified":"2020-04-21T14:15:37","modified_gmt":"2020-04-21T12:15:37","slug":"omplim-de-roses-els-balcons","status":"publish","type":"post","link":"https:\/\/agora.xtec.cat\/ceippractiques2-lleida\/general\/omplim-de-roses-els-balcons\/","title":{"rendered":"Omplim de roses els balcons?"},"content":{"rendered":"<p style=\"text-align: center;\"><span style=\"font-size: 20px; color: #ff0000;\">&#8220;Aquest Sant Jordi, posem una rosa al balc\u00f3&#8221;<\/span><\/p>\n<p>Com molt b\u00e9 sabeu, aquest Sant Jordi ser\u00e0 molt diferent de com l&#8217;hem celebrat sempre, per\u00f2 aix\u00f2 no vol dir que no el puguem viure i fer-lo present.<\/p>\n<p>Des de l&#8217;escola us animem que, des de casa, i amb els mitjans que tingueu, dibuixeu roses, feu-ne amb paper o roba&#8230;\u00a0 i fiqueu-les als vostres balcons&#8230;Feu volar la imaginaci\u00f3!<\/p>\n<p style=\"text-align: center;\"><span style=\"color: #ff0000;\"><span style=\"font-size: 20px;\">\u00a0Si no podem sortir, omplim de roses els balcons!<\/span><\/span><\/p>\n<p><a href=\"https:\/\/agora.xtec.cat\/ceippractiques2-lleida\/wp-content\/uploads\/usu635\/2020\/04\/xblog-img-3-balcones.jpg.pagespeed.ic_.aclTBeSJle.jpg\"><img loading=\"lazy\" decoding=\"async\" class=\"aligncenter wp-image-4086 size-full\" src=\"https:\/\/agora.xtec.cat\/ceippractiques2-lleida\/wp-content\/uploads\/usu635\/2020\/04\/xblog-img-3-balcones.jpg.pagespeed.ic_.aclTBeSJle.jpg\" alt=\"\" width=\"1200\" height=\"500\" srcset=\"https:\/\/agora.xtec.cat\/ceippractiques2-lleida\/wp-content\/uploads\/usu635\/2020\/04\/xblog-img-3-balcones.jpg.pagespeed.ic_.aclTBeSJle.jpg 1200w, https:\/\/agora.xtec.cat\/ceippractiques2-lleida\/wp-content\/uploads\/usu635\/2020\/04\/xblog-img-3-balcones.jpg.pagespeed.ic_.aclTBeSJle-300x125.jpg 300w, https:\/\/agora.xtec.cat\/ceippractiques2-lleida\/wp-content\/uploads\/usu635\/2020\/04\/xblog-img-3-balcones.jpg.pagespeed.ic_.aclTBeSJle-768x320.jpg 768w, https:\/\/agora.xtec.cat\/ceippractiques2-lleida\/wp-content\/uploads\/usu635\/2020\/04\/xblog-img-3-balcones.jpg.pagespeed.ic_.aclTBeSJle-1024x427.jpg 1024w\" sizes=\"auto, (max-width: 1200px) 100vw, 1200px\" \/><\/a><a href=\"https:\/\/www.youtube.com\/watch?v=5LEKtpnDB40&amp;feature=youtu.be\">https:\/\/www.youtube.com\/watch?v=5LEKtpnDB40&amp;feature=youtu.be<\/a><\/p>\n","protected":false},"excerpt":{"rendered":"<p>&#8220;Aquest Sant Jordi, posem una rosa al balc\u00f3&#8221;<br \/>\nCom molt b\u00e9 sabeu, aquest Sant Jordi ser\u00e0 molt diferent de com l&#8217;hem celebrat sempre, per\u00f2 aix\u00f2 no vol dir que no el puguem viure i fer-lo present.<br \/>\nDes de l&#8217;escola us animem que, des de casa, i amb&hellip;  <a href=\"https:\/\/agora.xtec.cat\/ceippractiques2-lleida\/general\/omplim-de-roses-els-balcons\/\" title=\"Read Omplim de roses els balcons?\">Llegeix m\u00e9s\u00bb<\/a><\/p>\n","protected":false},"author":10,"featured_media":0,"comment_status":"open","ping_status":"closed","sticky":false,"template":"","format":"standard","meta":{"_bbp_topic_count":0,"_bbp_reply_count":0,"_bbp_total_topic_count":0,"_bbp_total_reply_count":0,"_bbp_voice_count":0,"_bbp_anonymous_reply_count":0,"_bbp_topic_count_hidden":0,"_bbp_reply_count_hidden":0,"_bbp_forum_subforum_count":0,"footnotes":""},"categories":[1,4],"tags":[],"class_list":["post-4082","post","type-post","status-publish","format-standard","hentry","category-general","category-portada"],"post_mailing_queue_ids":[],"_links":{"self":[{"href":"https:\/\/agora.xtec.cat\/ceippractiques2-lleida\/wp-json\/wp\/v2\/posts\/4082","targetHints":{"allow":["GET"]}}],"collection":[{"href":"https:\/\/agora.xtec.cat\/ceippractiques2-lleida\/wp-json\/wp\/v2\/posts"}],"about":[{"href":"https:\/\/agora.xtec.cat\/ceippractiques2-lleida\/wp-json\/wp\/v2\/types\/post"}],"author":[{"embeddable":true,"href":"https:\/\/agora.xtec.cat\/ceippractiques2-lleida\/wp-json\/wp\/v2\/users\/10"}],"replies":[{"embeddable":true,"href":"https:\/\/agora.xtec.cat\/ceippractiques2-lleida\/wp-json\/wp\/v2\/comments?post=4082"}],"version-history":[{"count":3,"href":"https:\/\/agora.xtec.cat\/ceippractiques2-lleida\/wp-json\/wp\/v2\/posts\/4082\/revisions"}],"predecessor-version":[{"id":4090,"href":"https:\/\/agora.xtec.cat\/ceippractiques2-lleida\/wp-json\/wp\/v2\/posts\/4082\/revisions\/4090"}],"wp:attachment":[{"href":"https:\/\/agora.xtec.cat\/ceippractiques2-lleida\/wp-json\/wp\/v2\/media?parent=4082"}],"wp:term":[{"taxonomy":"category","embeddable":true,"href":"https:\/\/agora.xtec.cat\/ceippractiques2-lleida\/wp-json\/wp\/v2\/categories?post=4082"},{"taxonomy":"post_tag","embeddable":true,"href":"https:\/\/agora.xtec.cat\/ceippractiques2-lleida\/wp-json\/wp\/v2\/tags?post=4082"}],"curies":[{"name":"wp","href":"https:\/\/api.w.org\/{rel}","templated":true}]}}