{"id":4071,"date":"2020-04-17T09:02:41","date_gmt":"2020-04-17T07:02:41","guid":{"rendered":"http:\/\/agora.xtec.cat\/ceippractiques2-lleida\/?p=4071"},"modified":"2020-04-17T17:47:37","modified_gmt":"2020-04-17T15:47:37","slug":"proposta-des-de-la-biblioteca","status":"publish","type":"post","link":"https:\/\/agora.xtec.cat\/ceippractiques2-lleida\/general\/proposta-des-de-la-biblioteca\/","title":{"rendered":"Proposta des de La Biblioteca"},"content":{"rendered":"<div class=\"site-branding\">\n<p><a href=\"https:\/\/agora.xtec.cat\/ceippractiques2-lleida\/wp-content\/uploads\/usu635\/2020\/04\/libros-en-pdf-para-ni\u00f1os.jpg\"><img loading=\"lazy\" decoding=\"async\" class=\"alignnone size-medium wp-image-4074\" src=\"https:\/\/agora.xtec.cat\/ceippractiques2-lleida\/wp-content\/uploads\/usu635\/2020\/04\/libros-en-pdf-para-ni\u00f1os-300x172.jpg\" alt=\"\" width=\"300\" height=\"172\" srcset=\"https:\/\/agora.xtec.cat\/ceippractiques2-lleida\/wp-content\/uploads\/usu635\/2020\/04\/libros-en-pdf-para-ni\u00f1os-300x172.jpg 300w, https:\/\/agora.xtec.cat\/ceippractiques2-lleida\/wp-content\/uploads\/usu635\/2020\/04\/libros-en-pdf-para-ni\u00f1os.jpg 522w\" sizes=\"auto, (max-width: 300px) 100vw, 300px\" \/><\/a><\/p>\n<h1 class=\"site-title\">Literatura gratu\u00efta<\/h1>\n<p><span style=\"font-family: verdana, geneva, sans-serif\">Hola, genteta guapa del Pr\u00e0ctiques II, com va tot???? Des de La Biblioteca desitgem que totes i tots estigueu amb \u00e0nims i salut.\u00a0<\/span><\/p>\n<p><span style=\"font-family: verdana, geneva, sans-serif\">Avui us compartirem un enlla\u00e7 a una p\u00e0gina web de contes en castell\u00e0. \u00c9s un recull d&#8217;obres cl\u00e0ssiques de la literatura i narracions curtes que es poden descarregar en PDF i llegir-les tantes vegades com vulgueu. Les hist\u00f2ries ens conviden a moure\u2019ns des del nostre confinament amb la imaginaci\u00f3&#8230;. tot esperant poder sortir a fer una volteta!!! Sobretot per qu\u00e8 aix\u00f2 voldr\u00e0 dir que aquest malson est\u00e0 a punt d\u2019acabar.<\/span><\/p>\n<p><span style=\"font-family: verdana, geneva, sans-serif\">Per accedir al contes heu de clicar damunt el t\u00edtol, <a href=\"https:\/\/elestudiantedigital.com\/libros-en-pdf-para-ninos\/\">Estudiante digital.com<\/a><\/span><\/p>\n<p>Aquesta p\u00e0gina web, a m\u00e9s a m\u00e9s, t\u00e9 un apartat que enlla\u00e7a a diferents museus del m\u00f3n i podem FER UNA VISITA VIRTUAL!!!!!!!!. No \u00e9s fant\u00e0stic???<\/p>\n<p><span style=\"font-family: verdana, geneva, sans-serif\">I recordeu, <strong>volem rebre molts comentaris, per tenir not\u00edcies vostres&#8230; per qu\u00e8 us trobem molt a falta<\/strong>r.<strong><span style=\"font-size: 28px\">\u21d3<\/span><\/strong><\/span><\/p>\n<p>&nbsp;<\/p>\n<\/div>\n","protected":false},"excerpt":{"rendered":"<p><a href=\"https:\/\/agora.xtec.cat\/ceippractiques2-lleida\/wp-content\/uploads\/usu635\/2020\/04\/libros-en-pdf-para-ni\u00f1os.jpg\"><\/a><br \/>\nLiteratura gratu\u00efta<br \/>\nHola, genteta guapa del Pr\u00e0ctiques II, com va tot???? Des de La Biblioteca desitgem que totes i tots estigueu amb \u00e0nims i salut.\u00a0<br \/>\nAvui us compartirem un enlla\u00e7 a una p\u00e0gina web de contes en castell\u00e0. \u00c9s un recull d&#8217;obres cl\u00e0ssiques de la literatura&hellip;  <a href=\"https:\/\/agora.xtec.cat\/ceippractiques2-lleida\/general\/proposta-des-de-la-biblioteca\/\" title=\"Read Proposta des de La Biblioteca\">Llegeix m\u00e9s\u00bb<\/a><\/p>\n","protected":false},"author":1,"featured_media":4074,"comment_status":"open","ping_status":"closed","sticky":false,"template":"","format":"standard","meta":{"_bbp_topic_count":0,"_bbp_reply_count":0,"_bbp_total_topic_count":0,"_bbp_total_reply_count":0,"_bbp_voice_count":0,"_bbp_anonymous_reply_count":0,"_bbp_topic_count_hidden":0,"_bbp_reply_count_hidden":0,"_bbp_forum_subforum_count":0,"footnotes":""},"categories":[1,4],"tags":[],"class_list":["post-4071","post","type-post","status-publish","format-standard","has-post-thumbnail","hentry","category-general","category-portada"],"post_mailing_queue_ids":[],"_links":{"self":[{"href":"https:\/\/agora.xtec.cat\/ceippractiques2-lleida\/wp-json\/wp\/v2\/posts\/4071","targetHints":{"allow":["GET"]}}],"collection":[{"href":"https:\/\/agora.xtec.cat\/ceippractiques2-lleida\/wp-json\/wp\/v2\/posts"}],"about":[{"href":"https:\/\/agora.xtec.cat\/ceippractiques2-lleida\/wp-json\/wp\/v2\/types\/post"}],"author":[{"embeddable":true,"href":"https:\/\/agora.xtec.cat\/ceippractiques2-lleida\/wp-json\/wp\/v2\/users\/1"}],"replies":[{"embeddable":true,"href":"https:\/\/agora.xtec.cat\/ceippractiques2-lleida\/wp-json\/wp\/v2\/comments?post=4071"}],"version-history":[{"count":4,"href":"https:\/\/agora.xtec.cat\/ceippractiques2-lleida\/wp-json\/wp\/v2\/posts\/4071\/revisions"}],"predecessor-version":[{"id":4078,"href":"https:\/\/agora.xtec.cat\/ceippractiques2-lleida\/wp-json\/wp\/v2\/posts\/4071\/revisions\/4078"}],"wp:featuredmedia":[{"embeddable":true,"href":"https:\/\/agora.xtec.cat\/ceippractiques2-lleida\/wp-json\/wp\/v2\/media\/4074"}],"wp:attachment":[{"href":"https:\/\/agora.xtec.cat\/ceippractiques2-lleida\/wp-json\/wp\/v2\/media?parent=4071"}],"wp:term":[{"taxonomy":"category","embeddable":true,"href":"https:\/\/agora.xtec.cat\/ceippractiques2-lleida\/wp-json\/wp\/v2\/categories?post=4071"},{"taxonomy":"post_tag","embeddable":true,"href":"https:\/\/agora.xtec.cat\/ceippractiques2-lleida\/wp-json\/wp\/v2\/tags?post=4071"}],"curies":[{"name":"wp","href":"https:\/\/api.w.org\/{rel}","templated":true}]}}