{"id":4032,"date":"2020-04-14T20:00:11","date_gmt":"2020-04-14T18:00:11","guid":{"rendered":"http:\/\/agora.xtec.cat\/ceippractiques2-lleida\/?p=4032"},"modified":"2020-04-16T17:11:08","modified_gmt":"2020-04-16T15:11:08","slug":"treballem-a-casa","status":"publish","type":"post","link":"https:\/\/agora.xtec.cat\/ceippractiques2-lleida\/general\/treballem-a-casa\/","title":{"rendered":"Treballem a casa"},"content":{"rendered":"<p><img loading=\"lazy\" decoding=\"async\" class=\"aligncenter wp-image-4022\" src=\"https:\/\/agora.xtec.cat\/ceippractiques2-lleida\/wp-content\/uploads\/usu635\/2020\/04\/logocasa.jpg\" alt=\"\" width=\"532\" height=\"117\" srcset=\"https:\/\/agora.xtec.cat\/ceippractiques2-lleida\/wp-content\/uploads\/usu635\/2020\/04\/logocasa.jpg 1000w, https:\/\/agora.xtec.cat\/ceippractiques2-lleida\/wp-content\/uploads\/usu635\/2020\/04\/logocasa-300x66.jpg 300w, https:\/\/agora.xtec.cat\/ceippractiques2-lleida\/wp-content\/uploads\/usu635\/2020\/04\/logocasa-768x169.jpg 768w\" sizes=\"auto, (max-width: 532px) 100vw, 532px\" \/><\/p>\n<p><span style=\"font-family: 'comic sans ms', sans-serif;\">Benvolgudes fam\u00edlies de l\u2019escola,<\/span><\/p>\n<p><span style=\"font-family: 'comic sans ms', sans-serif;\">En primer lloc desitjar que us trobeu b\u00e9 tots i totes, donat que s\u00f3n moments dif\u00edcils per a moltes fam\u00edlies. \u00a0Esperem hagueu passat una bona Pasqua.<\/span><\/p>\n<p><span style=\"font-family: 'comic sans ms', sans-serif;\">Els aprenentatges que els vostres fills i filles hagin fet aquests dies a casa, seran tant o m\u00e9s importants que els escolars, ja que hauran servit per donar valor a altres aspectes que potser no pod\u00edem fer tant en fam\u00edlia, com parlar, jugar o fer coses junts, aprendre a compartir espais,\u00a0 valorar la companyia &#8230; tot all\u00f2 que de ben segur ens far\u00e0 canviar per millorar. \u00a0La dedicaci\u00f3 als vostres fills\/es \u00e9s el m\u00e9s important.<\/span><\/p>\n<p><span style=\"font-family: 'comic sans ms', sans-serif;\">Iniciem el 3r trimestre escolar en circumst\u00e0ncies excepcionals i, seguint les directrius del Departament d\u2019Educaci\u00f3, anirem enviant tasques setmanals per qu\u00e8 els nens i les nenes no perdin els h\u00e0bits de treball i els hi puguem fer un seguiment escolar, ja que no podem continuar amb el que ten\u00edem previst pel curs. Adaptarem la proposta d\u2019activitats i la manera d\u2019avaluar en funci\u00f3 de les orientacions que ens vagin donant.<\/span><\/p>\n<p><span style=\"font-family: 'comic sans ms', sans-serif;\">Dem\u00e0 al mat\u00ed us arribar\u00e0 la primera tramesa d\u2019activitats a trav\u00e9s del tutor\/a i tamb\u00e9 ho penjarem a la p\u00e0g. web de l\u2019escola. \u00a0<\/span><\/p>\n<p><span style=\"font-family: 'comic sans ms', sans-serif;\">Seran activitats curriculars de periodicitat setmanal. Cada dilluns a les 10h. rebreu les activitats a fer i tindreu temps de retornar-les fetes fins divendres a les 17h. de la mateixa setmana.<\/span><\/p>\n<p><span style=\"font-family: 'comic sans ms', sans-serif;\">Aquesta setmana ser\u00e0 diferent: les enviarem dem\u00e0 i les podreu fer fins divendres de l\u2019altra.<\/span><\/p>\n<p><span style=\"font-family: 'comic sans ms', sans-serif;\">El tutor\/a ser\u00e0 la persona de refer\u00e8ncia per a l\u2019alumne\/a. Far\u00e0 el seguiment de les tasques realitzades de manera personalitzada, juntament amb altres mestres del cicle, i acompanyar\u00e0 els alumnes en all\u00f2 que necessitin per a dur-les a terme.<\/span><\/p>\n<p><span style=\"font-family: 'comic sans ms', sans-serif;\">\u00c9s important fer les tasques encomanades, ja que tindran un valor afegit al que hem anat treballant durant el curs.<\/span><\/p>\n<p><span style=\"font-family: 'comic sans ms', sans-serif;\">Cal organitzar-se i dedicar un parell d\u2019hores com a m\u00ednim al dia per a treballar. Cadasc\u00fa ho pot fer en el moment del dia que millor li vagi, i tamb\u00e9 \u00e9s important llegir una estona i fer altres activitats que agradin (manualitats, escoltar m\u00fasica, ballar, jugar &#8230;.)<\/span><\/p>\n<p><span style=\"font-family: 'comic sans ms', sans-serif;\">Esperem que les activitats proposades siguin rebudes amb il.lusi\u00f3 pels nens i nenes.<\/span><\/p>\n<p><span style=\"font-family: 'comic sans ms', sans-serif;\">Us farem arribar les informacions del Departament d\u2019Educaci\u00f3 per anar ajustant el desenvolupament del curs escolar. \u00a0<\/span><\/p>\n<p><span style=\"font-family: 'comic sans ms', sans-serif;\">Agrair-vos la vostra comprensi\u00f3 i esfor\u00e7, ja que tots plegats ens hem hagut d\u2019adaptar a les circumst\u00e0ncies que aquesta pand\u00e8mia ens ha portat. Esperem tornar a l\u2019escola!<\/span><\/p>\n<p>&nbsp;<\/p>\n<p><span style=\"font-family: 'comic sans ms', sans-serif;\">Atentament,<\/span><\/p>\n<p><span style=\"font-family: 'comic sans ms', sans-serif;\">Equip educatiu escola Pr\u00e0ctiques II<\/span><\/p>\n<p><span style=\"font-family: 'comic sans ms', sans-serif;\">#joemquedoacasa<\/span><\/p>\n","protected":false},"excerpt":{"rendered":"<p>Benvolgudes fam\u00edlies de l\u2019escola,<br \/>\nEn primer lloc desitjar que us trobeu b\u00e9 tots i totes, donat que s\u00f3n moments dif\u00edcils per a moltes fam\u00edlies. \u00a0Esperem hagueu passat una bona Pasqua.<br \/>\nEls aprenentatges que els vostres fills i filles hagin fet aquests dies a casa, seran tant o&hellip;  <a href=\"https:\/\/agora.xtec.cat\/ceippractiques2-lleida\/general\/treballem-a-casa\/\" title=\"Read Treballem a casa\">Llegeix m\u00e9s\u00bb<\/a><\/p>\n","protected":false},"author":1,"featured_media":0,"comment_status":"open","ping_status":"closed","sticky":false,"template":"","format":"standard","meta":{"_bbp_topic_count":0,"_bbp_reply_count":0,"_bbp_total_topic_count":0,"_bbp_total_reply_count":0,"_bbp_voice_count":0,"_bbp_anonymous_reply_count":0,"_bbp_topic_count_hidden":0,"_bbp_reply_count_hidden":0,"_bbp_forum_subforum_count":0,"footnotes":""},"categories":[1,4],"tags":[],"class_list":["post-4032","post","type-post","status-publish","format-standard","hentry","category-general","category-portada"],"post_mailing_queue_ids":[],"_links":{"self":[{"href":"https:\/\/agora.xtec.cat\/ceippractiques2-lleida\/wp-json\/wp\/v2\/posts\/4032","targetHints":{"allow":["GET"]}}],"collection":[{"href":"https:\/\/agora.xtec.cat\/ceippractiques2-lleida\/wp-json\/wp\/v2\/posts"}],"about":[{"href":"https:\/\/agora.xtec.cat\/ceippractiques2-lleida\/wp-json\/wp\/v2\/types\/post"}],"author":[{"embeddable":true,"href":"https:\/\/agora.xtec.cat\/ceippractiques2-lleida\/wp-json\/wp\/v2\/users\/1"}],"replies":[{"embeddable":true,"href":"https:\/\/agora.xtec.cat\/ceippractiques2-lleida\/wp-json\/wp\/v2\/comments?post=4032"}],"version-history":[{"count":1,"href":"https:\/\/agora.xtec.cat\/ceippractiques2-lleida\/wp-json\/wp\/v2\/posts\/4032\/revisions"}],"predecessor-version":[{"id":4033,"href":"https:\/\/agora.xtec.cat\/ceippractiques2-lleida\/wp-json\/wp\/v2\/posts\/4032\/revisions\/4033"}],"wp:attachment":[{"href":"https:\/\/agora.xtec.cat\/ceippractiques2-lleida\/wp-json\/wp\/v2\/media?parent=4032"}],"wp:term":[{"taxonomy":"category","embeddable":true,"href":"https:\/\/agora.xtec.cat\/ceippractiques2-lleida\/wp-json\/wp\/v2\/categories?post=4032"},{"taxonomy":"post_tag","embeddable":true,"href":"https:\/\/agora.xtec.cat\/ceippractiques2-lleida\/wp-json\/wp\/v2\/tags?post=4032"}],"curies":[{"name":"wp","href":"https:\/\/api.w.org\/{rel}","templated":true}]}}