{"id":4026,"date":"2020-04-10T22:07:46","date_gmt":"2020-04-10T20:07:46","guid":{"rendered":"http:\/\/agora.xtec.cat\/ceippractiques2-lleida\/?p=4026"},"modified":"2020-04-10T22:07:46","modified_gmt":"2020-04-10T20:07:46","slug":"propostes-de-les-biblioteques","status":"publish","type":"post","link":"https:\/\/agora.xtec.cat\/ceippractiques2-lleida\/general\/propostes-de-les-biblioteques\/","title":{"rendered":"Propostes de les Biblioteques"},"content":{"rendered":"<p><strong><a style=\"color: #2795b6\" href=\"https:\/\/agora.xtec.cat\/ceippractiques2-lleida\/wp-content\/uploads\/usu635\/2020\/04\/Captura-de-pantalla-2020-04-10-a-las-22.04.06.png\"><br class=\"Apple-interchange-newline\" \/><img loading=\"lazy\" decoding=\"async\" class=\"size-full wp-image-4027 aligncenter\" src=\"https:\/\/agora.xtec.cat\/ceippractiques2-lleida\/wp-content\/uploads\/usu635\/2020\/04\/Captura-de-pantalla-2020-04-10-a-las-22.04.06.png\" alt=\"\" width=\"199\" height=\"184\" \/><\/a><\/strong><\/p>\n<p>Hola, genteta guapa del Pr\u00e0ctiques II, avui us volem parlar de\u00a0 la inciativa <strong><a href=\"https:\/\/www.culturaydeporte.gob.es\/cultura\/areas\/bibliotecas\/mc\/eBiblio\/que-es.html\">eBiblio<\/a><\/strong>, un servei gratu\u00eft de pr\u00e9stec de llibres electr\u00f2nics, revistes i premsa en l\u00ednia que s\u2019oferix a trav\u00e9s de las biblioteques p\u00fabliques espanyoles, est\u00e0 coordinat i impulsat per la \u201cSubdirecci\u00f3n General de Coordinaci\u00f3n Bibliotecaria del Ministerio de Cultura y Deporte\u201d en colaboraci\u00f3 amb les serveis de Biblioteques de les diferents Comunitats Aut\u00f2nomes.<\/p>\n<p>\u00c9s un servei accesible 24 hores al dia, tots els dies de l\u2019any,\u00a0 a trav\u00e9s d\u2019internet i permet la lectura en l\u00ednia o en desc\u00e0rrega. L\u2019app es troba disponible, de manera gratu\u00efta, per a dispositius m\u00f2bils als <em>\u00a0store de iOs i Android<\/em>, i des d\u2019aquesta es gestionen totes les activitats relacionades amb el pr\u00e9stec i la lectura de documents. Per a fer \u00fas dels servei, \u00e9s necessari disposar d\u2019un dispositiu de lectura compatible amb el format \u00a0<em>ePub<\/em>\u00a0i acc\u00e9s a internet, a m\u00e9s d\u2019un carnet de la Biblioteca P\u00fablica de Lleida.<\/p>\n<p>Us desitgem una agradable lectura i recordeu <strong>ENS AGRADA REBRE ELS VOSTRES COMENTARIS.<\/strong><\/p>\n","protected":false},"excerpt":{"rendered":"<p><a style=\"color: #2795b6\" href=\"https:\/\/agora.xtec.cat\/ceippractiques2-lleida\/wp-content\/uploads\/usu635\/2020\/04\/Captura-de-pantalla-2020-04-10-a-las-22.04.06.png\"><\/a><br \/>\nHola, genteta guapa del Pr\u00e0ctiques II, avui us volem parlar de\u00a0 la inciativa <a href=\"https:\/\/www.culturaydeporte.gob.es\/cultura\/areas\/bibliotecas\/mc\/eBiblio\/que-es.html\">eBiblio<\/a>, un servei gratu\u00eft de pr\u00e9stec de llibres electr\u00f2nics, revistes i premsa en l\u00ednia que s\u2019oferix a trav\u00e9s de las biblioteques p\u00fabliques espanyoles, est\u00e0 coordinat i impulsat per&hellip;  <a href=\"https:\/\/agora.xtec.cat\/ceippractiques2-lleida\/general\/propostes-de-les-biblioteques\/\" title=\"Read Propostes de les Biblioteques\">Llegeix m\u00e9s\u00bb<\/a><\/p>\n","protected":false},"author":1,"featured_media":4027,"comment_status":"open","ping_status":"closed","sticky":false,"template":"","format":"standard","meta":{"_bbp_topic_count":0,"_bbp_reply_count":0,"_bbp_total_topic_count":0,"_bbp_total_reply_count":0,"_bbp_voice_count":0,"_bbp_anonymous_reply_count":0,"_bbp_topic_count_hidden":0,"_bbp_reply_count_hidden":0,"_bbp_forum_subforum_count":0,"footnotes":""},"categories":[1,4],"tags":[],"class_list":["post-4026","post","type-post","status-publish","format-standard","has-post-thumbnail","hentry","category-general","category-portada"],"post_mailing_queue_ids":[],"_links":{"self":[{"href":"https:\/\/agora.xtec.cat\/ceippractiques2-lleida\/wp-json\/wp\/v2\/posts\/4026","targetHints":{"allow":["GET"]}}],"collection":[{"href":"https:\/\/agora.xtec.cat\/ceippractiques2-lleida\/wp-json\/wp\/v2\/posts"}],"about":[{"href":"https:\/\/agora.xtec.cat\/ceippractiques2-lleida\/wp-json\/wp\/v2\/types\/post"}],"author":[{"embeddable":true,"href":"https:\/\/agora.xtec.cat\/ceippractiques2-lleida\/wp-json\/wp\/v2\/users\/1"}],"replies":[{"embeddable":true,"href":"https:\/\/agora.xtec.cat\/ceippractiques2-lleida\/wp-json\/wp\/v2\/comments?post=4026"}],"version-history":[{"count":1,"href":"https:\/\/agora.xtec.cat\/ceippractiques2-lleida\/wp-json\/wp\/v2\/posts\/4026\/revisions"}],"predecessor-version":[{"id":4028,"href":"https:\/\/agora.xtec.cat\/ceippractiques2-lleida\/wp-json\/wp\/v2\/posts\/4026\/revisions\/4028"}],"wp:featuredmedia":[{"embeddable":true,"href":"https:\/\/agora.xtec.cat\/ceippractiques2-lleida\/wp-json\/wp\/v2\/media\/4027"}],"wp:attachment":[{"href":"https:\/\/agora.xtec.cat\/ceippractiques2-lleida\/wp-json\/wp\/v2\/media?parent=4026"}],"wp:term":[{"taxonomy":"category","embeddable":true,"href":"https:\/\/agora.xtec.cat\/ceippractiques2-lleida\/wp-json\/wp\/v2\/categories?post=4026"},{"taxonomy":"post_tag","embeddable":true,"href":"https:\/\/agora.xtec.cat\/ceippractiques2-lleida\/wp-json\/wp\/v2\/tags?post=4026"}],"curies":[{"name":"wp","href":"https:\/\/api.w.org\/{rel}","templated":true}]}}