{"id":3986,"date":"2020-03-31T19:55:50","date_gmt":"2020-03-31T17:55:50","guid":{"rendered":"http:\/\/agora.xtec.cat\/ceippractiques2-lleida\/?p=3986"},"modified":"2020-03-31T20:00:04","modified_gmt":"2020-03-31T18:00:04","slug":"propostes-des-de-la-biblioteca-4","status":"publish","type":"post","link":"https:\/\/agora.xtec.cat\/ceippractiques2-lleida\/general\/propostes-des-de-la-biblioteca-4\/","title":{"rendered":"Propostes des de la Biblioteca"},"content":{"rendered":"<p>Hola genteta guapa del Pr\u00e0ctiques II, avui la proposta \u00e9s una manualitat\u2026<\/p>\n<p>Recordeu les polseres de l\u2019amistat??? Doncs us deixo un enlla\u00e7 a un v\u00eddeo (cliqueu a la imatge) a on us ensenyaran\u00a0 diferents maneres de teixir aquestes polseretes.<\/p>\n<p>Gaudiu!!!!!!!!<\/p>\n<p><a href=\"https:\/\/www.youtube.com\/watch?v=-PFZHJWbbYQ\"><img loading=\"lazy\" decoding=\"async\" class=\"size-full wp-image-3987 aligncenter\" src=\"https:\/\/agora.xtec.cat\/ceippractiques2-lleida\/wp-content\/uploads\/usu635\/2020\/03\/polseres.jpg\" alt=\"\" width=\"259\" height=\"194\" srcset=\"https:\/\/agora.xtec.cat\/ceippractiques2-lleida\/wp-content\/uploads\/usu635\/2020\/03\/polseres.jpg 259w, https:\/\/agora.xtec.cat\/ceippractiques2-lleida\/wp-content\/uploads\/usu635\/2020\/03\/polseres-200x150.jpg 200w\" sizes=\"auto, (max-width: 259px) 100vw, 259px\" \/><\/a><\/p>\n<p>&nbsp;<\/p>\n<p>Tamb\u00e9 un deixar\u00e9 uns lincks a diferents blocs sobre manualitats, qu\u00e8 no tot han de ser llibres!!!!!!!!! (com sempre cliqueu sobre les imatges)<\/p>\n<p style=\"text-align: center\"><a href=\"https:\/\/www.youtube.com\/channel\/UCPssTVPVWrbbjEoVqL1q0-A\"><img loading=\"lazy\" decoding=\"async\" class=\"alignnone size-full wp-image-3988\" src=\"https:\/\/agora.xtec.cat\/ceippractiques2-lleida\/wp-content\/uploads\/usu635\/2020\/03\/diy.jpg\" alt=\"\" width=\"288\" height=\"288\" srcset=\"https:\/\/agora.xtec.cat\/ceippractiques2-lleida\/wp-content\/uploads\/usu635\/2020\/03\/diy.jpg 288w, https:\/\/agora.xtec.cat\/ceippractiques2-lleida\/wp-content\/uploads\/usu635\/2020\/03\/diy-150x150.jpg 150w\" sizes=\"auto, (max-width: 288px) 100vw, 288px\" \/><\/a><a href=\"https:\/\/www.youtube.com\/channel\/UCBuQJMvcHp9R46COfLpzYvA\"><img loading=\"lazy\" decoding=\"async\" class=\"alignnone size-full wp-image-3989\" src=\"https:\/\/agora.xtec.cat\/ceippractiques2-lleida\/wp-content\/uploads\/usu635\/2020\/03\/art.jpg\" alt=\"\" width=\"201\" height=\"251\" \/><\/a> <a href=\"https:\/\/www.youtube.com\/user\/jennifermcguireink\"><img loading=\"lazy\" decoding=\"async\" class=\"alignnone size-medium wp-image-3990\" src=\"https:\/\/agora.xtec.cat\/ceippractiques2-lleida\/wp-content\/uploads\/usu635\/2020\/03\/jm.jpg\" alt=\"\" width=\"266\" height=\"189\" \/><\/a><\/p>\n<p><span style=\"font-size: 20px\"><strong>I no us oblideu de comentar!!!!!!!! <span style=\"font-size: 60px\">\u21d3<\/span><\/strong><\/span><\/p>\n","protected":false},"excerpt":{"rendered":"<p>Hola genteta guapa del Pr\u00e0ctiques II, avui la proposta \u00e9s una manualitat\u2026<br \/>\nRecordeu les polseres de l\u2019amistat??? Doncs us deixo un enlla\u00e7 a un v\u00eddeo (cliqueu a la imatge) a on us ensenyaran\u00a0 diferents maneres de teixir aquestes polseretes.<br \/>\nGaudiu!!!!!!!!<br \/>\n<a href=\"https:\/\/www.youtube.com\/watch?v=-PFZHJWbbYQ\"><\/a><br \/>\n&nbsp;<br \/>\nTamb\u00e9 un deixar\u00e9 uns lincks a diferents&hellip;  <a href=\"https:\/\/agora.xtec.cat\/ceippractiques2-lleida\/general\/propostes-des-de-la-biblioteca-4\/\" title=\"Read Propostes des de la Biblioteca\">Llegeix m\u00e9s\u00bb<\/a><\/p>\n","protected":false},"author":1,"featured_media":3987,"comment_status":"open","ping_status":"closed","sticky":false,"template":"","format":"standard","meta":{"_bbp_topic_count":0,"_bbp_reply_count":0,"_bbp_total_topic_count":0,"_bbp_total_reply_count":0,"_bbp_voice_count":0,"_bbp_anonymous_reply_count":0,"_bbp_topic_count_hidden":0,"_bbp_reply_count_hidden":0,"_bbp_forum_subforum_count":0,"footnotes":""},"categories":[1,4],"tags":[],"class_list":["post-3986","post","type-post","status-publish","format-standard","has-post-thumbnail","hentry","category-general","category-portada"],"post_mailing_queue_ids":[],"_links":{"self":[{"href":"https:\/\/agora.xtec.cat\/ceippractiques2-lleida\/wp-json\/wp\/v2\/posts\/3986","targetHints":{"allow":["GET"]}}],"collection":[{"href":"https:\/\/agora.xtec.cat\/ceippractiques2-lleida\/wp-json\/wp\/v2\/posts"}],"about":[{"href":"https:\/\/agora.xtec.cat\/ceippractiques2-lleida\/wp-json\/wp\/v2\/types\/post"}],"author":[{"embeddable":true,"href":"https:\/\/agora.xtec.cat\/ceippractiques2-lleida\/wp-json\/wp\/v2\/users\/1"}],"replies":[{"embeddable":true,"href":"https:\/\/agora.xtec.cat\/ceippractiques2-lleida\/wp-json\/wp\/v2\/comments?post=3986"}],"version-history":[{"count":3,"href":"https:\/\/agora.xtec.cat\/ceippractiques2-lleida\/wp-json\/wp\/v2\/posts\/3986\/revisions"}],"predecessor-version":[{"id":3993,"href":"https:\/\/agora.xtec.cat\/ceippractiques2-lleida\/wp-json\/wp\/v2\/posts\/3986\/revisions\/3993"}],"wp:featuredmedia":[{"embeddable":true,"href":"https:\/\/agora.xtec.cat\/ceippractiques2-lleida\/wp-json\/wp\/v2\/media\/3987"}],"wp:attachment":[{"href":"https:\/\/agora.xtec.cat\/ceippractiques2-lleida\/wp-json\/wp\/v2\/media?parent=3986"}],"wp:term":[{"taxonomy":"category","embeddable":true,"href":"https:\/\/agora.xtec.cat\/ceippractiques2-lleida\/wp-json\/wp\/v2\/categories?post=3986"},{"taxonomy":"post_tag","embeddable":true,"href":"https:\/\/agora.xtec.cat\/ceippractiques2-lleida\/wp-json\/wp\/v2\/tags?post=3986"}],"curies":[{"name":"wp","href":"https:\/\/api.w.org\/{rel}","templated":true}]}}