{"id":3950,"date":"2020-03-25T19:41:04","date_gmt":"2020-03-25T18:41:04","guid":{"rendered":"http:\/\/agora.xtec.cat\/ceippractiques2-lleida\/?p=3950"},"modified":"2020-03-25T19:43:38","modified_gmt":"2020-03-25T18:43:38","slug":"propostes-des-de-la-biblioteca-3","status":"publish","type":"post","link":"https:\/\/agora.xtec.cat\/ceippractiques2-lleida\/general\/propostes-des-de-la-biblioteca-3\/","title":{"rendered":"Propostes des de la Biblioteca"},"content":{"rendered":"<p>&nbsp;<\/p>\n<p>&nbsp;<\/p>\n<p style=\"text-align: center\"><a href=\"https:\/\/agora.xtec.cat\/ceippractiques2-lleida\/wp-content\/uploads\/usu635\/2020\/03\/bt.png\"><img loading=\"lazy\" decoding=\"async\" class=\"alignnone wp-image-3954\" src=\"https:\/\/agora.xtec.cat\/ceippractiques2-lleida\/wp-content\/uploads\/usu635\/2020\/03\/bt-300x152.png\" alt=\"\" width=\"407\" height=\"206\" srcset=\"https:\/\/agora.xtec.cat\/ceippractiques2-lleida\/wp-content\/uploads\/usu635\/2020\/03\/bt-300x152.png 300w, https:\/\/agora.xtec.cat\/ceippractiques2-lleida\/wp-content\/uploads\/usu635\/2020\/03\/bt.png 316w\" sizes=\"auto, (max-width: 407px) 100vw, 407px\" \/><\/a><\/p>\n<p>Hola genteta guapa del Pr\u00e0ctiques II, avui us porto dos canals de booktubers molt interessants<\/p>\n<p>El primer \u00e9s en catal\u00e0<span style=\"font-size: 20px\">,<\/span><strong><a href=\"https:\/\/www.youtube.com\/channel\/UCOIphz41SK-QpDL6ExCFmyg\"><span style=\"font-size: 20px\">Recomanacions de llibres<\/span><\/a><\/strong> (cliqueu sobre l\u2019enlla\u00e7). Aquest canal el porta la Marta Botet, que \u00e9s una noia molt jove de la que podeu saber molt m\u00e9s clicant sobre la foto.<\/p>\n<p><a href=\"http:\/\/kosmopolis.cccb.org\/es\/participants\/botet-borras-marta\/\"><img loading=\"lazy\" decoding=\"async\" class=\" wp-image-3952 aligncenter\" src=\"https:\/\/agora.xtec.cat\/ceippractiques2-lleida\/wp-content\/uploads\/usu635\/2020\/03\/marta-300x300.jpg\" alt=\"\" width=\"283\" height=\"283\" srcset=\"https:\/\/agora.xtec.cat\/ceippractiques2-lleida\/wp-content\/uploads\/usu635\/2020\/03\/marta-300x300.jpg 300w, https:\/\/agora.xtec.cat\/ceippractiques2-lleida\/wp-content\/uploads\/usu635\/2020\/03\/marta-150x150.jpg 150w, https:\/\/agora.xtec.cat\/ceippractiques2-lleida\/wp-content\/uploads\/usu635\/2020\/03\/marta.jpg 473w\" sizes=\"auto, (max-width: 283px) 100vw, 283px\" \/><\/a><\/p>\n<p>Tamb\u00e9 us deixo un text estret d\u2019una entrevista que podeu llegir sencera a: <a href=\"https:\/\/destil.comunicaunamica.cat\/ca\/una-estona-amb-marta-botet\">https:\/\/destil.comunicaunamica.cat\/ca\/una-estona-amb-marta-botet<\/a><\/p>\n<p><em>\u201cRecordo molt els contes per a abans d\u2019anar a dormir. Des de petita que tinc el costum de llegir-ne. Primer me\u2019ls llegien; despr\u00e9s, quan ja era m\u00e9s gran i tenia m\u00e9s autonomia, els llegia jo sola. Llibres de roba, inflables, primer, i despr\u00e9s llibres de Les Tres Bessones, com<\/em><em>\u00a0El diari secret de la bruixa avorrida<\/em><em>\u00a0o\u00a0<\/em><em>M\u00e9s contes per somiar m\u00e9s<\/em><em>, o la Mafalda, que em va fer molta gr\u00e0cia quan me la van descobrir. Llibres especials per a aquest moment, que solien ser molt bonics i venien amb dibuixos que m\u2019encantaven. Aix\u00f2 \u00e9s el que recordo com a introducci\u00f3 a la lectura. Despr\u00e9s, ja vaig comen\u00e7ar a llegir en altres moments del dia. M\u2019agradava llegir hist\u00f2ries diferents, con\u00e8ixer m\u00e9s vides, m\u00e9s aventures, i poder-les viure d\u2019alguna manera.\u201d<\/em><\/p>\n<p><em>\u00a0<\/em><\/p>\n<p>El segon canal \u00e9s en castell\u00e0,<span style=\"font-size: 20px\"><strong><a href=\"https:\/\/www.youtube.com\/user\/channelcoleccionista\/featured\">El coleccionista de Mundos<\/a><\/strong><\/span> (cliqueu sobre l\u2019enlla\u00e7). El seu creador \u00e9s el Sebasti\u00e1n Garc\u00eda Mouret, del que podr\u00e0s saber m\u00e9s clicant sobre la foto.<\/p>\n<p><a href=\"http:\/\/sebasgmouret.com\/biografia\/\"><img loading=\"lazy\" decoding=\"async\" class=\"wp-image-3951 aligncenter\" src=\"https:\/\/agora.xtec.cat\/ceippractiques2-lleida\/wp-content\/uploads\/usu635\/2020\/03\/garc-a-mouret-sebasti-n-image.jpg\" alt=\"\" width=\"220\" height=\"220\" srcset=\"https:\/\/agora.xtec.cat\/ceippractiques2-lleida\/wp-content\/uploads\/usu635\/2020\/03\/garc-a-mouret-sebasti-n-image.jpg 300w, https:\/\/agora.xtec.cat\/ceippractiques2-lleida\/wp-content\/uploads\/usu635\/2020\/03\/garc-a-mouret-sebasti-n-image-150x150.jpg 150w\" sizes=\"auto, (max-width: 220px) 100vw, 220px\" \/><\/a><\/p>\n<p>Quan en una entrevista li van preguntar per qu\u00e8 era bo llegir, ell va contestar \u201c<em>Porque abre tu mente, tu esp\u00edritu, es bueno para la memoria, la argumentaci\u00f3n, la cultura general y empodera tu lenguaje y tu vocabulario. Por no hablar de que es divertido.\u201d<\/em><\/p>\n<p>Trobareu l\u2019entrevista sencera en aquest enlla\u00e7: <a href=\"https:\/\/soybibliotecario.blogspot.com\/2017\/04\/booktubers-el-mundo-de-sebastian-garcia-mouret.html\">https:\/\/soybibliotecario.blogspot.com\/2017\/04\/booktubers-el-mundo-de-sebastian-garcia-mouret.html<\/a><\/p>\n<p>&nbsp;<\/p>\n<p>Desitjo que us agradin. <strong>Ja em deixareu els vostres comentaris<\/strong>.<\/p>\n","protected":false},"excerpt":{"rendered":"<p>&nbsp;<br \/>\n&nbsp;<br \/>\n<a href=\"https:\/\/agora.xtec.cat\/ceippractiques2-lleida\/wp-content\/uploads\/usu635\/2020\/03\/bt.png\"><\/a><br \/>\nHola genteta guapa del Pr\u00e0ctiques II, avui us porto dos canals de booktubers molt interessants<br \/>\nEl primer \u00e9s en catal\u00e0,<a href=\"https:\/\/www.youtube.com\/channel\/UCOIphz41SK-QpDL6ExCFmyg\">Recomanacions de llibres<\/a> (cliqueu sobre l\u2019enlla\u00e7). Aquest canal el porta la Marta Botet, que \u00e9s una noia molt jove de la que podeu saber molt&hellip;  <a href=\"https:\/\/agora.xtec.cat\/ceippractiques2-lleida\/general\/propostes-des-de-la-biblioteca-3\/\" title=\"Read Propostes des de la Biblioteca\">Llegeix m\u00e9s\u00bb<\/a><\/p>\n","protected":false},"author":1,"featured_media":3954,"comment_status":"open","ping_status":"closed","sticky":false,"template":"","format":"standard","meta":{"_bbp_topic_count":0,"_bbp_reply_count":0,"_bbp_total_topic_count":0,"_bbp_total_reply_count":0,"_bbp_voice_count":0,"_bbp_anonymous_reply_count":0,"_bbp_topic_count_hidden":0,"_bbp_reply_count_hidden":0,"_bbp_forum_subforum_count":0,"footnotes":""},"categories":[1,4],"tags":[],"class_list":["post-3950","post","type-post","status-publish","format-standard","has-post-thumbnail","hentry","category-general","category-portada"],"post_mailing_queue_ids":[],"_links":{"self":[{"href":"https:\/\/agora.xtec.cat\/ceippractiques2-lleida\/wp-json\/wp\/v2\/posts\/3950","targetHints":{"allow":["GET"]}}],"collection":[{"href":"https:\/\/agora.xtec.cat\/ceippractiques2-lleida\/wp-json\/wp\/v2\/posts"}],"about":[{"href":"https:\/\/agora.xtec.cat\/ceippractiques2-lleida\/wp-json\/wp\/v2\/types\/post"}],"author":[{"embeddable":true,"href":"https:\/\/agora.xtec.cat\/ceippractiques2-lleida\/wp-json\/wp\/v2\/users\/1"}],"replies":[{"embeddable":true,"href":"https:\/\/agora.xtec.cat\/ceippractiques2-lleida\/wp-json\/wp\/v2\/comments?post=3950"}],"version-history":[{"count":3,"href":"https:\/\/agora.xtec.cat\/ceippractiques2-lleida\/wp-json\/wp\/v2\/posts\/3950\/revisions"}],"predecessor-version":[{"id":3960,"href":"https:\/\/agora.xtec.cat\/ceippractiques2-lleida\/wp-json\/wp\/v2\/posts\/3950\/revisions\/3960"}],"wp:featuredmedia":[{"embeddable":true,"href":"https:\/\/agora.xtec.cat\/ceippractiques2-lleida\/wp-json\/wp\/v2\/media\/3954"}],"wp:attachment":[{"href":"https:\/\/agora.xtec.cat\/ceippractiques2-lleida\/wp-json\/wp\/v2\/media?parent=3950"}],"wp:term":[{"taxonomy":"category","embeddable":true,"href":"https:\/\/agora.xtec.cat\/ceippractiques2-lleida\/wp-json\/wp\/v2\/categories?post=3950"},{"taxonomy":"post_tag","embeddable":true,"href":"https:\/\/agora.xtec.cat\/ceippractiques2-lleida\/wp-json\/wp\/v2\/tags?post=3950"}],"curies":[{"name":"wp","href":"https:\/\/api.w.org\/{rel}","templated":true}]}}