{"id":3911,"date":"2020-03-20T21:54:47","date_gmt":"2020-03-20T20:54:47","guid":{"rendered":"http:\/\/agora.xtec.cat\/ceippractiques2-lleida\/?p=3911"},"modified":"2020-03-21T21:59:39","modified_gmt":"2020-03-21T20:59:39","slug":"espai-ronyo-art","status":"publish","type":"post","link":"https:\/\/agora.xtec.cat\/ceippractiques2-lleida\/portada\/espai-ronyo-art\/","title":{"rendered":"Espai \u201cRONY\u00d3 ART\u201d"},"content":{"rendered":"<p><span style=\"font-weight: 400;\">Amb motiu del <\/span><span style=\"font-weight: 400;\">dia Mundial del Rony\u00f3,<\/span><span style=\"font-weight: 400;\"> que va ser el 12 de mar\u00e7, els nens i les nenes de l\u2019escola varen realitzar uns treballs per sensibilitzar-nos de la import\u00e0ncia de tenir cura d\u2019aquests \u00f2rgans.\u00a0\u00a0<\/span><\/p>\n<p><span style=\"font-weight: 400;\">Gr\u00e0cies a la Fundaci\u00f3 Renal Jaume Arn\u00f3 de Lleida, que va dinamitzar uns tallers super interessants. <span style=\"color: #ff0000;\"><a style=\"color: #ff0000;\" href=\"https:\/\/drive.google.com\/drive\/folders\/1_egZpWYUY7mYiTNveZ1wkpTYRiQRFAin?usp=sharing\">Aqu\u00ed teniu els treballs<\/a><\/span>!<\/span><\/p>\n","protected":false},"excerpt":{"rendered":"<p>Amb motiu del dia Mundial del Rony\u00f3, que va ser el 12 de mar\u00e7, els nens i les nenes de l\u2019escola varen realitzar uns treballs per sensibilitzar-nos de la import\u00e0ncia de tenir cura d\u2019aquests \u00f2rgans.\u00a0\u00a0<br \/>\nGr\u00e0cies a la Fundaci\u00f3 Renal Jaume Arn\u00f3 de Lleida, que va&hellip;  <a href=\"https:\/\/agora.xtec.cat\/ceippractiques2-lleida\/portada\/espai-ronyo-art\/\" title=\"Read Espai \u201cRONY\u00d3 ART\u201d\">Llegeix m\u00e9s\u00bb<\/a><\/p>\n","protected":false},"author":1,"featured_media":0,"comment_status":"open","ping_status":"closed","sticky":false,"template":"","format":"standard","meta":{"_bbp_topic_count":0,"_bbp_reply_count":0,"_bbp_total_topic_count":0,"_bbp_total_reply_count":0,"_bbp_voice_count":0,"_bbp_anonymous_reply_count":0,"_bbp_topic_count_hidden":0,"_bbp_reply_count_hidden":0,"_bbp_forum_subforum_count":0,"footnotes":""},"categories":[4],"tags":[127],"class_list":["post-3911","post","type-post","status-publish","format-standard","hentry","category-portada","tag-treballs"],"post_mailing_queue_ids":[],"_links":{"self":[{"href":"https:\/\/agora.xtec.cat\/ceippractiques2-lleida\/wp-json\/wp\/v2\/posts\/3911","targetHints":{"allow":["GET"]}}],"collection":[{"href":"https:\/\/agora.xtec.cat\/ceippractiques2-lleida\/wp-json\/wp\/v2\/posts"}],"about":[{"href":"https:\/\/agora.xtec.cat\/ceippractiques2-lleida\/wp-json\/wp\/v2\/types\/post"}],"author":[{"embeddable":true,"href":"https:\/\/agora.xtec.cat\/ceippractiques2-lleida\/wp-json\/wp\/v2\/users\/1"}],"replies":[{"embeddable":true,"href":"https:\/\/agora.xtec.cat\/ceippractiques2-lleida\/wp-json\/wp\/v2\/comments?post=3911"}],"version-history":[{"count":1,"href":"https:\/\/agora.xtec.cat\/ceippractiques2-lleida\/wp-json\/wp\/v2\/posts\/3911\/revisions"}],"predecessor-version":[{"id":3912,"href":"https:\/\/agora.xtec.cat\/ceippractiques2-lleida\/wp-json\/wp\/v2\/posts\/3911\/revisions\/3912"}],"wp:attachment":[{"href":"https:\/\/agora.xtec.cat\/ceippractiques2-lleida\/wp-json\/wp\/v2\/media?parent=3911"}],"wp:term":[{"taxonomy":"category","embeddable":true,"href":"https:\/\/agora.xtec.cat\/ceippractiques2-lleida\/wp-json\/wp\/v2\/categories?post=3911"},{"taxonomy":"post_tag","embeddable":true,"href":"https:\/\/agora.xtec.cat\/ceippractiques2-lleida\/wp-json\/wp\/v2\/tags?post=3911"}],"curies":[{"name":"wp","href":"https:\/\/api.w.org\/{rel}","templated":true}]}}