{"id":3879,"date":"2020-03-19T08:42:17","date_gmt":"2020-03-19T07:42:17","guid":{"rendered":"http:\/\/agora.xtec.cat\/ceippractiques2-lleida\/?p=3879"},"modified":"2020-03-19T08:45:52","modified_gmt":"2020-03-19T07:45:52","slug":"propostes-des-de-la-biblioteca","status":"publish","type":"post","link":"https:\/\/agora.xtec.cat\/ceippractiques2-lleida\/general\/propostes-des-de-la-biblioteca\/","title":{"rendered":"Propostes des de La Biblioteca"},"content":{"rendered":"<p>Hola gent del Pr\u00e0ctiques II, la Biblioteca us troba mooooolt a faltar, no ens vam poder ni acomiadar!!!!!!<\/p>\n<p>Fa una setmana que vam tancar f\u00edsicament, per\u00f2 ara us volem proposar reobrir de manera virtual. Des d&#8217;aqu\u00ed us convidarem a estar atentes i atents a les diferents iniciatives que arreu se&#8217;ns proposen per continuar amb una ment i un cos actitud. Per\u00f2 necessitem una cosa de vosaltres, FEU-NOS COMENTARIS per saber que esteu aqu\u00ed.<\/p>\n<p>Primera proposta: EL canal d&#8217;Instagram de la llibreria \u00a0EL GENET BLAU, a on cada dia hi ha un contaconte&#8230; GAUDIU<\/p>\n<p><a href=\"https:\/\/www.instagram.com\/llibreriaelgenetblau\/?hl=es\">https:\/\/www.instagram.com\/llibreriaelgenetblau\/?hl=es<\/a><a href=\"https:\/\/agora.xtec.cat\/ceippractiques2-lleida\/wp-content\/uploads\/usu635\/2020\/03\/el-genet-blau.jpg\"><img loading=\"lazy\" decoding=\"async\" class=\"size-medium wp-image-3880 aligncenter\" src=\"https:\/\/agora.xtec.cat\/ceippractiques2-lleida\/wp-content\/uploads\/usu635\/2020\/03\/el-genet-blau-300x74.jpg\" alt=\"\" width=\"300\" height=\"74\" srcset=\"https:\/\/agora.xtec.cat\/ceippractiques2-lleida\/wp-content\/uploads\/usu635\/2020\/03\/el-genet-blau-300x74.jpg 300w, https:\/\/agora.xtec.cat\/ceippractiques2-lleida\/wp-content\/uploads\/usu635\/2020\/03\/el-genet-blau-768x191.jpg 768w, https:\/\/agora.xtec.cat\/ceippractiques2-lleida\/wp-content\/uploads\/usu635\/2020\/03\/el-genet-blau-1024x254.jpg 1024w, https:\/\/agora.xtec.cat\/ceippractiques2-lleida\/wp-content\/uploads\/usu635\/2020\/03\/el-genet-blau.jpg 1462w\" sizes=\"auto, (max-width: 300px) 100vw, 300px\" \/><\/a><\/p>\n","protected":false},"excerpt":{"rendered":"<p>Hola gent del Pr\u00e0ctiques II, la Biblioteca us troba mooooolt a faltar, no ens vam poder ni acomiadar!!!!!!<br \/>\nFa una setmana que vam tancar f\u00edsicament, per\u00f2 ara us volem proposar reobrir de manera virtual. Des d&#8217;aqu\u00ed us convidarem a estar atentes i atents a les diferents&hellip;  <a href=\"https:\/\/agora.xtec.cat\/ceippractiques2-lleida\/general\/propostes-des-de-la-biblioteca\/\" title=\"Read Propostes des de La Biblioteca\">Llegeix m\u00e9s\u00bb<\/a><\/p>\n","protected":false},"author":1,"featured_media":3880,"comment_status":"open","ping_status":"closed","sticky":false,"template":"","format":"standard","meta":{"_bbp_topic_count":0,"_bbp_reply_count":0,"_bbp_total_topic_count":0,"_bbp_total_reply_count":0,"_bbp_voice_count":0,"_bbp_anonymous_reply_count":0,"_bbp_topic_count_hidden":0,"_bbp_reply_count_hidden":0,"_bbp_forum_subforum_count":0,"footnotes":""},"categories":[1,4],"tags":[],"class_list":["post-3879","post","type-post","status-publish","format-standard","has-post-thumbnail","hentry","category-general","category-portada"],"post_mailing_queue_ids":[],"_links":{"self":[{"href":"https:\/\/agora.xtec.cat\/ceippractiques2-lleida\/wp-json\/wp\/v2\/posts\/3879","targetHints":{"allow":["GET"]}}],"collection":[{"href":"https:\/\/agora.xtec.cat\/ceippractiques2-lleida\/wp-json\/wp\/v2\/posts"}],"about":[{"href":"https:\/\/agora.xtec.cat\/ceippractiques2-lleida\/wp-json\/wp\/v2\/types\/post"}],"author":[{"embeddable":true,"href":"https:\/\/agora.xtec.cat\/ceippractiques2-lleida\/wp-json\/wp\/v2\/users\/1"}],"replies":[{"embeddable":true,"href":"https:\/\/agora.xtec.cat\/ceippractiques2-lleida\/wp-json\/wp\/v2\/comments?post=3879"}],"version-history":[{"count":4,"href":"https:\/\/agora.xtec.cat\/ceippractiques2-lleida\/wp-json\/wp\/v2\/posts\/3879\/revisions"}],"predecessor-version":[{"id":3886,"href":"https:\/\/agora.xtec.cat\/ceippractiques2-lleida\/wp-json\/wp\/v2\/posts\/3879\/revisions\/3886"}],"wp:featuredmedia":[{"embeddable":true,"href":"https:\/\/agora.xtec.cat\/ceippractiques2-lleida\/wp-json\/wp\/v2\/media\/3880"}],"wp:attachment":[{"href":"https:\/\/agora.xtec.cat\/ceippractiques2-lleida\/wp-json\/wp\/v2\/media?parent=3879"}],"wp:term":[{"taxonomy":"category","embeddable":true,"href":"https:\/\/agora.xtec.cat\/ceippractiques2-lleida\/wp-json\/wp\/v2\/categories?post=3879"},{"taxonomy":"post_tag","embeddable":true,"href":"https:\/\/agora.xtec.cat\/ceippractiques2-lleida\/wp-json\/wp\/v2\/tags?post=3879"}],"curies":[{"name":"wp","href":"https:\/\/api.w.org\/{rel}","templated":true}]}}