{"id":3845,"date":"2020-03-11T16:17:32","date_gmt":"2020-03-11T15:17:32","guid":{"rendered":"http:\/\/agora.xtec.cat\/ceippractiques2-lleida\/?p=3845"},"modified":"2020-03-11T16:17:32","modified_gmt":"2020-03-11T15:17:32","slug":"taller-monet","status":"publish","type":"post","link":"https:\/\/agora.xtec.cat\/ceippractiques2-lleida\/general\/taller-monet\/","title":{"rendered":"Taller Monet"},"content":{"rendered":"<p>Aquest taller s\u2019anomena \u201cEl jard\u00ed de Monet\u201d. Durant tres sessions l\u2019alumnat d\u2019 Educaci\u00f3 infantil hem pogut con\u00e8ixer i admirar la figura i l\u2019obra del pintor franc\u00e8s Claude Monet.<br \/>\nA la primera sessi\u00f3 hem mirat diferents v\u00eddeos a la pantalla digital sobre aquest artista impressionista: on va n\u00e9ixer, quines s\u00f3n les seves pintures, la seva t\u00e8cnica i obres m\u00e9s conegudes. Tamb\u00e9 hem vist un conte sobre l\u2019obra dels Nen\u00fafars.<br \/>\nA la segona i tercera sessions, ens hem inspirat en una de les pintures dels Nen\u00fafars i hem creat la nostra pr\u00f2pia producci\u00f3.<br \/>\nCom ens ha agradat fer de pintors!<\/p>\n<p><a href=\"https:\/\/drive.google.com\/drive\/folders\/1FXSP7BbXWj4FG9FHDI2FPaBDMxJOAgPP?usp=sharing\"><img loading=\"lazy\" decoding=\"async\" class=\"wp-image-3848 size-full aligncenter\" src=\"https:\/\/agora.xtec.cat\/ceippractiques2-lleida\/wp-content\/uploads\/usu635\/2020\/03\/IMG_20200305_125240-1-1-1.jpg\" alt=\"\" width=\"509\" height=\"381\" srcset=\"https:\/\/agora.xtec.cat\/ceippractiques2-lleida\/wp-content\/uploads\/usu635\/2020\/03\/IMG_20200305_125240-1-1-1.jpg 509w, https:\/\/agora.xtec.cat\/ceippractiques2-lleida\/wp-content\/uploads\/usu635\/2020\/03\/IMG_20200305_125240-1-1-1-300x225.jpg 300w, https:\/\/agora.xtec.cat\/ceippractiques2-lleida\/wp-content\/uploads\/usu635\/2020\/03\/IMG_20200305_125240-1-1-1-200x150.jpg 200w\" sizes=\"auto, (max-width: 509px) 100vw, 509px\" \/><\/a><\/p>\n","protected":false},"excerpt":{"rendered":"<p>Aquest taller s\u2019anomena \u201cEl jard\u00ed de Monet\u201d. Durant tres sessions l\u2019alumnat d\u2019 Educaci\u00f3 infantil hem pogut con\u00e8ixer i admirar la figura i l\u2019obra del pintor franc\u00e8s Claude Monet.<br \/>\nA la primera sessi\u00f3 hem mirat diferents v\u00eddeos a la pantalla digital sobre aquest artista impressionista: on va&hellip;  <a href=\"https:\/\/agora.xtec.cat\/ceippractiques2-lleida\/general\/taller-monet\/\" title=\"Read Taller Monet\">Llegeix m\u00e9s\u00bb<\/a><\/p>\n","protected":false},"author":1,"featured_media":0,"comment_status":"open","ping_status":"closed","sticky":false,"template":"","format":"standard","meta":{"_bbp_topic_count":0,"_bbp_reply_count":0,"_bbp_total_topic_count":0,"_bbp_total_reply_count":0,"_bbp_voice_count":0,"_bbp_anonymous_reply_count":0,"_bbp_topic_count_hidden":0,"_bbp_reply_count_hidden":0,"_bbp_forum_subforum_count":0,"footnotes":""},"categories":[2,1,4],"tags":[],"class_list":["post-3845","post","type-post","status-publish","format-standard","hentry","category-infantil","category-general","category-portada"],"post_mailing_queue_ids":[],"_links":{"self":[{"href":"https:\/\/agora.xtec.cat\/ceippractiques2-lleida\/wp-json\/wp\/v2\/posts\/3845","targetHints":{"allow":["GET"]}}],"collection":[{"href":"https:\/\/agora.xtec.cat\/ceippractiques2-lleida\/wp-json\/wp\/v2\/posts"}],"about":[{"href":"https:\/\/agora.xtec.cat\/ceippractiques2-lleida\/wp-json\/wp\/v2\/types\/post"}],"author":[{"embeddable":true,"href":"https:\/\/agora.xtec.cat\/ceippractiques2-lleida\/wp-json\/wp\/v2\/users\/1"}],"replies":[{"embeddable":true,"href":"https:\/\/agora.xtec.cat\/ceippractiques2-lleida\/wp-json\/wp\/v2\/comments?post=3845"}],"version-history":[{"count":2,"href":"https:\/\/agora.xtec.cat\/ceippractiques2-lleida\/wp-json\/wp\/v2\/posts\/3845\/revisions"}],"predecessor-version":[{"id":3849,"href":"https:\/\/agora.xtec.cat\/ceippractiques2-lleida\/wp-json\/wp\/v2\/posts\/3845\/revisions\/3849"}],"wp:attachment":[{"href":"https:\/\/agora.xtec.cat\/ceippractiques2-lleida\/wp-json\/wp\/v2\/media?parent=3845"}],"wp:term":[{"taxonomy":"category","embeddable":true,"href":"https:\/\/agora.xtec.cat\/ceippractiques2-lleida\/wp-json\/wp\/v2\/categories?post=3845"},{"taxonomy":"post_tag","embeddable":true,"href":"https:\/\/agora.xtec.cat\/ceippractiques2-lleida\/wp-json\/wp\/v2\/tags?post=3845"}],"curies":[{"name":"wp","href":"https:\/\/api.w.org\/{rel}","templated":true}]}}