{"id":3841,"date":"2020-03-11T16:10:24","date_gmt":"2020-03-11T15:10:24","guid":{"rendered":"http:\/\/agora.xtec.cat\/ceippractiques2-lleida\/?p=3841"},"modified":"2020-03-11T16:10:24","modified_gmt":"2020-03-11T15:10:24","slug":"land-art","status":"publish","type":"post","link":"https:\/\/agora.xtec.cat\/ceippractiques2-lleida\/general\/land-art\/","title":{"rendered":"LAND ART"},"content":{"rendered":"<p style=\"text-align: left;\">El taller Land Art \u00e9s una proposta de treball que t\u00e9 com a objectiu connectar amb l\u2019art mitjan\u00e7ant la reutilitzaci\u00f3 d\u2019elements reciclats i un element natural com \u00e9s el fang.<br \/>\nAquest taller comen\u00e7a mitjan\u00e7ant un proc\u00e9s de reflexi\u00f3, en el qual, l\u2019alumnat, a partir d\u2019una imatge d\u2019escombraries i brossa sense reciclar, reflexiona sobre la import\u00e0ncia que t\u00e9 el reciclatge a les nostres vides i com d\u2019important \u00e9s fer un bon \u00fas dels residus que generem. Seguint aquesta idea es proposa a l\u2019alumnat que experimenti i generi nous usos a un material reutilitzat com s\u00f3n taps de pl\u00e0stic i xapes.<br \/>\nEn una segona sessi\u00f3, s\u2019introdueix el fang per manipular-lo de forma lliure a trav\u00e9s de les sensacions i qualitats que proposa aquest element natural.<br \/>\nFinalment, en una \u00faltima sessi\u00f3, l\u2019alumnat haur\u00e0 de crear una escultura lliure mitjan\u00e7ant la uni\u00f3 d\u2019elements reutilitzats i d\u2019un element natural, com \u00e9s el fang.<\/p>\n<p><a href=\"https:\/\/drive.google.com\/drive\/folders\/1Mg9PP5agjFNTbcfT4y8em60TN3ifCzQt?usp=sharing\"><img loading=\"lazy\" decoding=\"async\" class=\"wp-image-3842 size-full aligncenter\" src=\"https:\/\/agora.xtec.cat\/ceippractiques2-lleida\/wp-content\/uploads\/usu635\/2020\/03\/IMG_20200124_100246.jpg\" alt=\"\" width=\"433\" height=\"577\" srcset=\"https:\/\/agora.xtec.cat\/ceippractiques2-lleida\/wp-content\/uploads\/usu635\/2020\/03\/IMG_20200124_100246.jpg 433w, https:\/\/agora.xtec.cat\/ceippractiques2-lleida\/wp-content\/uploads\/usu635\/2020\/03\/IMG_20200124_100246-225x300.jpg 225w\" sizes=\"auto, (max-width: 433px) 100vw, 433px\" \/><\/a><\/p>\n","protected":false},"excerpt":{"rendered":"<p>El taller Land Art \u00e9s una proposta de treball que t\u00e9 com a objectiu connectar amb l\u2019art mitjan\u00e7ant la reutilitzaci\u00f3 d\u2019elements reciclats i un element natural com \u00e9s el fang.<br \/>\nAquest taller comen\u00e7a mitjan\u00e7ant un proc\u00e9s de reflexi\u00f3, en el qual, l\u2019alumnat, a partir d\u2019una imatge&hellip;  <a href=\"https:\/\/agora.xtec.cat\/ceippractiques2-lleida\/general\/land-art\/\" title=\"Read LAND ART\">Llegeix m\u00e9s\u00bb<\/a><\/p>\n","protected":false},"author":1,"featured_media":0,"comment_status":"open","ping_status":"closed","sticky":false,"template":"","format":"standard","meta":{"_bbp_topic_count":0,"_bbp_reply_count":0,"_bbp_total_topic_count":0,"_bbp_total_reply_count":0,"_bbp_voice_count":0,"_bbp_anonymous_reply_count":0,"_bbp_topic_count_hidden":0,"_bbp_reply_count_hidden":0,"_bbp_forum_subforum_count":0,"footnotes":""},"categories":[2,1,4],"tags":[],"class_list":["post-3841","post","type-post","status-publish","format-standard","hentry","category-infantil","category-general","category-portada"],"post_mailing_queue_ids":[],"_links":{"self":[{"href":"https:\/\/agora.xtec.cat\/ceippractiques2-lleida\/wp-json\/wp\/v2\/posts\/3841","targetHints":{"allow":["GET"]}}],"collection":[{"href":"https:\/\/agora.xtec.cat\/ceippractiques2-lleida\/wp-json\/wp\/v2\/posts"}],"about":[{"href":"https:\/\/agora.xtec.cat\/ceippractiques2-lleida\/wp-json\/wp\/v2\/types\/post"}],"author":[{"embeddable":true,"href":"https:\/\/agora.xtec.cat\/ceippractiques2-lleida\/wp-json\/wp\/v2\/users\/1"}],"replies":[{"embeddable":true,"href":"https:\/\/agora.xtec.cat\/ceippractiques2-lleida\/wp-json\/wp\/v2\/comments?post=3841"}],"version-history":[{"count":2,"href":"https:\/\/agora.xtec.cat\/ceippractiques2-lleida\/wp-json\/wp\/v2\/posts\/3841\/revisions"}],"predecessor-version":[{"id":3844,"href":"https:\/\/agora.xtec.cat\/ceippractiques2-lleida\/wp-json\/wp\/v2\/posts\/3841\/revisions\/3844"}],"wp:attachment":[{"href":"https:\/\/agora.xtec.cat\/ceippractiques2-lleida\/wp-json\/wp\/v2\/media?parent=3841"}],"wp:term":[{"taxonomy":"category","embeddable":true,"href":"https:\/\/agora.xtec.cat\/ceippractiques2-lleida\/wp-json\/wp\/v2\/categories?post=3841"},{"taxonomy":"post_tag","embeddable":true,"href":"https:\/\/agora.xtec.cat\/ceippractiques2-lleida\/wp-json\/wp\/v2\/tags?post=3841"}],"curies":[{"name":"wp","href":"https:\/\/api.w.org\/{rel}","templated":true}]}}