{"id":3816,"date":"2020-03-06T18:51:26","date_gmt":"2020-03-06T17:51:26","guid":{"rendered":"http:\/\/agora.xtec.cat\/ceippractiques2-lleida\/?p=3816"},"modified":"2020-03-11T20:23:43","modified_gmt":"2020-03-11T19:23:43","slug":"larc-de-sant-marti","status":"publish","type":"post","link":"https:\/\/agora.xtec.cat\/ceippractiques2-lleida\/general\/larc-de-sant-marti\/","title":{"rendered":"L&#8217;arc de Sant Mart\u00ed"},"content":{"rendered":"<p>Els nens i nenes d&#8217;Educaci\u00f3 Infantil els divendres al\u00a0mat\u00ed\u00a0participem\u00a0en els\u00a0tallers\u00a0<span class=\"hiddenSpellError\">internivells<\/span>, fem 5 grups amb nens de tots els cursos, P-3, P-4 i P-5 i cada tres sessions fem un taller diferent.<\/p>\n<p>Avui us volem presentar el taller de &#8220;L&#8217;arc de Sant Mart\u00ed&#8221;, en el qual fem hip\u00f2tesis sobre qu\u00e8 \u00e9s l&#8217;arc de Sant Mart\u00ed, on el podem veure i perqu\u00e8 i tamb\u00e9 cerquem l&#8217;arc de Sant Mart\u00ed en objectes quotidians. Durant la realitzaci\u00f3 d&#8217;aquest taller realitzem experiments tant per poder recrear l&#8217;arc de Sant Mart\u00ed dins l&#8217;aula com per treballar els colors d&#8217;aquest fenomen.<\/p>\n<p>A continuaci\u00f3 us adjuntem les fotos, esperem que us agradin!<\/p>\n<p><a href=\"https:\/\/drive.google.com\/drive\/folders\/1--5cUlKHiCKIuwB-paH13FoXK9tvv9MQ?usp=sharing\"><img loading=\"lazy\" decoding=\"async\" class=\"aligncenter wp-image-3855 size-full\" src=\"https:\/\/agora.xtec.cat\/ceippractiques2-lleida\/wp-content\/uploads\/usu635\/2020\/03\/e3357abf-cb55-4d52-a622-06f4481104b9-1.jpg\" alt=\"\" width=\"429\" height=\"419\" srcset=\"https:\/\/agora.xtec.cat\/ceippractiques2-lleida\/wp-content\/uploads\/usu635\/2020\/03\/e3357abf-cb55-4d52-a622-06f4481104b9-1.jpg 429w, https:\/\/agora.xtec.cat\/ceippractiques2-lleida\/wp-content\/uploads\/usu635\/2020\/03\/e3357abf-cb55-4d52-a622-06f4481104b9-1-300x293.jpg 300w\" sizes=\"auto, (max-width: 429px) 100vw, 429px\" \/><\/a><\/p>\n<p>&nbsp;<\/p>\n","protected":false},"excerpt":{"rendered":"<p>Els nens i nenes d&#8217;Educaci\u00f3 Infantil els divendres al\u00a0mat\u00ed\u00a0participem\u00a0en els\u00a0tallers\u00a0internivells, fem 5 grups amb nens de tots els cursos, P-3, P-4 i P-5 i cada tres sessions fem un taller diferent.<br \/>\nAvui us volem presentar el taller de &#8220;L&#8217;arc de Sant Mart\u00ed&#8221;, en el qual fem&hellip;  <a href=\"https:\/\/agora.xtec.cat\/ceippractiques2-lleida\/general\/larc-de-sant-marti\/\" title=\"Read L&#8217;arc de Sant Mart\u00ed\">Llegeix m\u00e9s\u00bb<\/a><\/p>\n","protected":false},"author":1,"featured_media":0,"comment_status":"open","ping_status":"closed","sticky":false,"template":"","format":"standard","meta":{"_bbp_topic_count":0,"_bbp_reply_count":0,"_bbp_total_topic_count":0,"_bbp_total_reply_count":0,"_bbp_voice_count":0,"_bbp_anonymous_reply_count":0,"_bbp_topic_count_hidden":0,"_bbp_reply_count_hidden":0,"_bbp_forum_subforum_count":0,"footnotes":""},"categories":[2,1,3,8,9,4,24],"tags":[],"class_list":["post-3816","post","type-post","status-publish","format-standard","hentry","category-infantil","category-general","category-i3","category-i4","category-i5","category-portada","category-tallers"],"post_mailing_queue_ids":[],"_links":{"self":[{"href":"https:\/\/agora.xtec.cat\/ceippractiques2-lleida\/wp-json\/wp\/v2\/posts\/3816","targetHints":{"allow":["GET"]}}],"collection":[{"href":"https:\/\/agora.xtec.cat\/ceippractiques2-lleida\/wp-json\/wp\/v2\/posts"}],"about":[{"href":"https:\/\/agora.xtec.cat\/ceippractiques2-lleida\/wp-json\/wp\/v2\/types\/post"}],"author":[{"embeddable":true,"href":"https:\/\/agora.xtec.cat\/ceippractiques2-lleida\/wp-json\/wp\/v2\/users\/1"}],"replies":[{"embeddable":true,"href":"https:\/\/agora.xtec.cat\/ceippractiques2-lleida\/wp-json\/wp\/v2\/comments?post=3816"}],"version-history":[{"count":3,"href":"https:\/\/agora.xtec.cat\/ceippractiques2-lleida\/wp-json\/wp\/v2\/posts\/3816\/revisions"}],"predecessor-version":[{"id":3856,"href":"https:\/\/agora.xtec.cat\/ceippractiques2-lleida\/wp-json\/wp\/v2\/posts\/3816\/revisions\/3856"}],"wp:attachment":[{"href":"https:\/\/agora.xtec.cat\/ceippractiques2-lleida\/wp-json\/wp\/v2\/media?parent=3816"}],"wp:term":[{"taxonomy":"category","embeddable":true,"href":"https:\/\/agora.xtec.cat\/ceippractiques2-lleida\/wp-json\/wp\/v2\/categories?post=3816"},{"taxonomy":"post_tag","embeddable":true,"href":"https:\/\/agora.xtec.cat\/ceippractiques2-lleida\/wp-json\/wp\/v2\/tags?post=3816"}],"curies":[{"name":"wp","href":"https:\/\/api.w.org\/{rel}","templated":true}]}}