{"id":3790,"date":"2020-03-04T10:56:52","date_gmt":"2020-03-04T09:56:52","guid":{"rendered":"http:\/\/agora.xtec.cat\/ceippractiques2-lleida\/?p=3790"},"modified":"2020-03-10T17:10:20","modified_gmt":"2020-03-10T16:10:20","slug":"semana-de-la-dona-del-2-al-8-de-marc-2020","status":"publish","type":"post","link":"https:\/\/agora.xtec.cat\/ceippractiques2-lleida\/general\/semana-de-la-dona-del-2-al-8-de-marc-2020\/","title":{"rendered":"Setmana de la Dona del 2 al 8 de Mar\u00e7 2020"},"content":{"rendered":"<p>&nbsp;<\/p>\n<p><a href=\"https:\/\/agora.xtec.cat\/ceippractiques2-lleida\/wp-content\/uploads\/usu635\/2020\/03\/IMG-6336-1.jpg\"><img loading=\"lazy\" decoding=\"async\" class=\"wp-image-3794 alignleft\" src=\"https:\/\/agora.xtec.cat\/ceippractiques2-lleida\/wp-content\/uploads\/usu635\/2020\/03\/IMG-6336-1-300x225.jpg\" alt=\"\" width=\"324\" height=\"243\" srcset=\"https:\/\/agora.xtec.cat\/ceippractiques2-lleida\/wp-content\/uploads\/usu635\/2020\/03\/IMG-6336-1-300x225.jpg 300w, https:\/\/agora.xtec.cat\/ceippractiques2-lleida\/wp-content\/uploads\/usu635\/2020\/03\/IMG-6336-1-768x576.jpg 768w, https:\/\/agora.xtec.cat\/ceippractiques2-lleida\/wp-content\/uploads\/usu635\/2020\/03\/IMG-6336-1-1024x768.jpg 1024w, https:\/\/agora.xtec.cat\/ceippractiques2-lleida\/wp-content\/uploads\/usu635\/2020\/03\/IMG-6336-1-200x150.jpg 200w\" sizes=\"auto, (max-width: 324px) 100vw, 324px\" \/><\/a><\/p>\n<p>Des de la Biblioteca de l\u2019escola ens unim a la celebraci\u00f3 del Dia i Internacional de la Dona amb diverses activitats: (de les que us deixem un recull gr\u00e0fic)<\/p>\n<p>Exposici\u00f3 de llibres, del fons de la Biblioteca P\u00fablica de Lleida, sobre igualtat entre infants de diferent sexe.<\/p>\n<p>Exposici\u00f3 de punts de llibre sobre Dones i rols de g\u00e8nere a la feina.<\/p>\n<p>Exposici\u00f3 de disseny de samarretes amb tem\u00e0tica feminista.<\/p>\n<figure class=\"figure wp-caption alignnone\"><a href=\"https:\/\/agora.xtec.cat\/ceippractiques2-lleida\/wp-content\/uploads\/usu635\/2020\/03\/IMG-6335.jpg\"><img loading=\"lazy\" decoding=\"async\" class=\"size-medium wp-image-3796\" src=\"https:\/\/agora.xtec.cat\/ceippractiques2-lleida\/wp-content\/uploads\/usu635\/2020\/03\/IMG-6335-300x225.jpg\" alt=\"\" width=\"300\" height=\"225\" srcset=\"https:\/\/agora.xtec.cat\/ceippractiques2-lleida\/wp-content\/uploads\/usu635\/2020\/03\/IMG-6335-300x225.jpg 300w, https:\/\/agora.xtec.cat\/ceippractiques2-lleida\/wp-content\/uploads\/usu635\/2020\/03\/IMG-6335-768x576.jpg 768w, https:\/\/agora.xtec.cat\/ceippractiques2-lleida\/wp-content\/uploads\/usu635\/2020\/03\/IMG-6335-200x150.jpg 200w, https:\/\/agora.xtec.cat\/ceippractiques2-lleida\/wp-content\/uploads\/usu635\/2020\/03\/IMG-6335.jpg 1008w\" sizes=\"auto, (max-width: 300px) 100vw, 300px\" \/><\/a><figcaption class=\"wp-caption-text\">Dia de la Dona<\/figcaption><\/figure>\n<p><a href=\"https:\/\/agora.xtec.cat\/ceippractiques2-lleida\/wp-content\/uploads\/usu635\/2020\/03\/IMG-6337.jpg\"><img loading=\"lazy\" decoding=\"async\" class=\"alignnone wp-image-3798\" src=\"https:\/\/agora.xtec.cat\/ceippractiques2-lleida\/wp-content\/uploads\/usu635\/2020\/03\/IMG-6337-300x225.jpg\" alt=\"\" width=\"231\" height=\"173\" srcset=\"https:\/\/agora.xtec.cat\/ceippractiques2-lleida\/wp-content\/uploads\/usu635\/2020\/03\/IMG-6337-300x225.jpg 300w, https:\/\/agora.xtec.cat\/ceippractiques2-lleida\/wp-content\/uploads\/usu635\/2020\/03\/IMG-6337-768x576.jpg 768w, https:\/\/agora.xtec.cat\/ceippractiques2-lleida\/wp-content\/uploads\/usu635\/2020\/03\/IMG-6337-200x150.jpg 200w, https:\/\/agora.xtec.cat\/ceippractiques2-lleida\/wp-content\/uploads\/usu635\/2020\/03\/IMG-6337.jpg 1008w\" sizes=\"auto, (max-width: 231px) 100vw, 231px\" \/><\/a> <a href=\"https:\/\/agora.xtec.cat\/ceippractiques2-lleida\/wp-content\/uploads\/usu635\/2020\/03\/IMG-6350.jpg\"><img loading=\"lazy\" decoding=\"async\" class=\"alignnone wp-image-3799\" src=\"https:\/\/agora.xtec.cat\/ceippractiques2-lleida\/wp-content\/uploads\/usu635\/2020\/03\/IMG-6350-300x225.jpg\" alt=\"\" width=\"231\" height=\"173\" srcset=\"https:\/\/agora.xtec.cat\/ceippractiques2-lleida\/wp-content\/uploads\/usu635\/2020\/03\/IMG-6350-300x225.jpg 300w, https:\/\/agora.xtec.cat\/ceippractiques2-lleida\/wp-content\/uploads\/usu635\/2020\/03\/IMG-6350-768x576.jpg 768w, https:\/\/agora.xtec.cat\/ceippractiques2-lleida\/wp-content\/uploads\/usu635\/2020\/03\/IMG-6350-200x150.jpg 200w, https:\/\/agora.xtec.cat\/ceippractiques2-lleida\/wp-content\/uploads\/usu635\/2020\/03\/IMG-6350.jpg 1008w\" sizes=\"auto, (max-width: 231px) 100vw, 231px\" \/><\/a> <a href=\"https:\/\/agora.xtec.cat\/ceippractiques2-lleida\/wp-content\/uploads\/usu635\/2020\/03\/IMG-6351.jpg\"><img loading=\"lazy\" decoding=\"async\" class=\"alignnone wp-image-3800\" src=\"https:\/\/agora.xtec.cat\/ceippractiques2-lleida\/wp-content\/uploads\/usu635\/2020\/03\/IMG-6351-300x225.jpg\" alt=\"\" width=\"230\" height=\"172\" srcset=\"https:\/\/agora.xtec.cat\/ceippractiques2-lleida\/wp-content\/uploads\/usu635\/2020\/03\/IMG-6351-300x225.jpg 300w, https:\/\/agora.xtec.cat\/ceippractiques2-lleida\/wp-content\/uploads\/usu635\/2020\/03\/IMG-6351-768x576.jpg 768w, https:\/\/agora.xtec.cat\/ceippractiques2-lleida\/wp-content\/uploads\/usu635\/2020\/03\/IMG-6351-200x150.jpg 200w, https:\/\/agora.xtec.cat\/ceippractiques2-lleida\/wp-content\/uploads\/usu635\/2020\/03\/IMG-6351.jpg 1008w\" sizes=\"auto, (max-width: 230px) 100vw, 230px\" \/><\/a> <a href=\"https:\/\/agora.xtec.cat\/ceippractiques2-lleida\/wp-content\/uploads\/usu635\/2020\/03\/IMG-6353.jpg\"><img loading=\"lazy\" decoding=\"async\" class=\"alignnone wp-image-3801\" src=\"https:\/\/agora.xtec.cat\/ceippractiques2-lleida\/wp-content\/uploads\/usu635\/2020\/03\/IMG-6353-300x225.jpg\" alt=\"\" width=\"231\" height=\"173\" srcset=\"https:\/\/agora.xtec.cat\/ceippractiques2-lleida\/wp-content\/uploads\/usu635\/2020\/03\/IMG-6353-300x225.jpg 300w, https:\/\/agora.xtec.cat\/ceippractiques2-lleida\/wp-content\/uploads\/usu635\/2020\/03\/IMG-6353-768x576.jpg 768w, https:\/\/agora.xtec.cat\/ceippractiques2-lleida\/wp-content\/uploads\/usu635\/2020\/03\/IMG-6353-1024x768.jpg 1024w, https:\/\/agora.xtec.cat\/ceippractiques2-lleida\/wp-content\/uploads\/usu635\/2020\/03\/IMG-6353-200x150.jpg 200w\" sizes=\"auto, (max-width: 231px) 100vw, 231px\" \/><\/a><\/p>\n<p><a href=\"https:\/\/agora.xtec.cat\/ceippractiques2-lleida\/wp-content\/uploads\/usu635\/2020\/03\/dia-de-la-dona1.jpg\"><img loading=\"lazy\" decoding=\"async\" class=\"alignnone size-medium wp-image-3802\" src=\"https:\/\/agora.xtec.cat\/ceippractiques2-lleida\/wp-content\/uploads\/usu635\/2020\/03\/dia-de-la-dona1-300x225.jpg\" alt=\"\" width=\"300\" height=\"225\" srcset=\"https:\/\/agora.xtec.cat\/ceippractiques2-lleida\/wp-content\/uploads\/usu635\/2020\/03\/dia-de-la-dona1-300x225.jpg 300w, https:\/\/agora.xtec.cat\/ceippractiques2-lleida\/wp-content\/uploads\/usu635\/2020\/03\/dia-de-la-dona1-768x576.jpg 768w, https:\/\/agora.xtec.cat\/ceippractiques2-lleida\/wp-content\/uploads\/usu635\/2020\/03\/dia-de-la-dona1-200x150.jpg 200w, https:\/\/agora.xtec.cat\/ceippractiques2-lleida\/wp-content\/uploads\/usu635\/2020\/03\/dia-de-la-dona1.jpg 1008w\" sizes=\"auto, (max-width: 300px) 100vw, 300px\" \/><\/a> <a href=\"https:\/\/agora.xtec.cat\/ceippractiques2-lleida\/wp-content\/uploads\/usu635\/2020\/03\/dia-de-la-dona2.jpg\"><img loading=\"lazy\" decoding=\"async\" class=\"alignnone size-medium wp-image-3803\" src=\"https:\/\/agora.xtec.cat\/ceippractiques2-lleida\/wp-content\/uploads\/usu635\/2020\/03\/dia-de-la-dona2-300x225.jpg\" alt=\"\" width=\"300\" height=\"225\" srcset=\"https:\/\/agora.xtec.cat\/ceippractiques2-lleida\/wp-content\/uploads\/usu635\/2020\/03\/dia-de-la-dona2-300x225.jpg 300w, https:\/\/agora.xtec.cat\/ceippractiques2-lleida\/wp-content\/uploads\/usu635\/2020\/03\/dia-de-la-dona2-768x576.jpg 768w, https:\/\/agora.xtec.cat\/ceippractiques2-lleida\/wp-content\/uploads\/usu635\/2020\/03\/dia-de-la-dona2-200x150.jpg 200w, https:\/\/agora.xtec.cat\/ceippractiques2-lleida\/wp-content\/uploads\/usu635\/2020\/03\/dia-de-la-dona2.jpg 1008w\" sizes=\"auto, (max-width: 300px) 100vw, 300px\" \/><\/a><\/p>\n<p>Us deixem un article de la <a href=\"https:\/\/www.diesinternacionals.cat\/calendari\/dia-internacional-de-la-dona\/2020-03-08\/\">web del Dia Internacional de la Dona<\/a> que explica per qu\u00e8 es necessari, encara, commemorar aquest dia i quin \u00e9s el seu origen.<\/p>\n<p>El Dia Internacional de la Dona \u00e9s un bon moment per reflexionar sobre els aven\u00e7os aconseguits, demanar m\u00e9s canvis i celebrar la valentia i la determinaci\u00f3 de les dones que han jugat un paper clau en la hist\u00f2ria dels seus pa\u00efsos i comunitats. Tamb\u00e9 serveix per reivindicar el feminisme denunciant el masclisme i els micromasclismes.<\/p>\n<p>Aquesta data t\u00e9 el seu origen el dia 25 de Mar\u00e7, quan es commemora l\u2019incendi de la f\u00e0brica de camises Triangle Shirtwaist de NY en la que van morir 123 dones i 23 homes, que va obligar a importants canvis legislatius en les normes de seguretat i salut laboral i industrial. \u00a0L\u2019incendi ha marcat la celebraci\u00f3 del Dia Internacional de la Dona Treballadora, despr\u00e9s conegut com el Dia Internacional de la Dona que se celebra el 8 de mar\u00e7.<\/p>\n<p>Despr\u00e9s de la II Confer\u00e8ncia Internacional de Dones Socialistes, reunida a Copenhaguen, el 19 de Mar\u00e7 es va celebrar per primer cop el Dia Internacional de la Dona Treballadora a Alemanya, \u00c0ustria, Dinamarca i Su\u00efssa, amb m\u00edtings als quals van assistir m\u00e9s d\u2019un mili\u00f3 de persones per exigir el dret a vot i el d\u2019ocupar c\u00e0rrecs p\u00fablics, el dret al treball, a la formaci\u00f3 professional i a la no discriminaci\u00f3 laboral.<\/p>\n","protected":false},"excerpt":{"rendered":"<p>&nbsp;<br \/>\n<a href=\"https:\/\/agora.xtec.cat\/ceippractiques2-lleida\/wp-content\/uploads\/usu635\/2020\/03\/IMG-6336-1.jpg\"><\/a><br \/>\nDes de la Biblioteca de l\u2019escola ens unim a la celebraci\u00f3 del Dia i Internacional de la Dona amb diverses activitats: (de les que us deixem un recull gr\u00e0fic)<br \/>\nExposici\u00f3 de llibres, del fons de la Biblioteca P\u00fablica de Lleida, sobre igualtat entre infants de&hellip;  <a href=\"https:\/\/agora.xtec.cat\/ceippractiques2-lleida\/general\/semana-de-la-dona-del-2-al-8-de-marc-2020\/\" title=\"Read Setmana de la Dona del 2 al 8 de Mar\u00e7 2020\">Llegeix m\u00e9s\u00bb<\/a><\/p>\n","protected":false},"author":1,"featured_media":3797,"comment_status":"open","ping_status":"closed","sticky":false,"template":"","format":"standard","meta":{"_bbp_topic_count":0,"_bbp_reply_count":0,"_bbp_total_topic_count":0,"_bbp_total_reply_count":0,"_bbp_voice_count":0,"_bbp_anonymous_reply_count":0,"_bbp_topic_count_hidden":0,"_bbp_reply_count_hidden":0,"_bbp_forum_subforum_count":0,"footnotes":""},"categories":[1,4],"tags":[],"class_list":["post-3790","post","type-post","status-publish","format-standard","has-post-thumbnail","hentry","category-general","category-portada"],"post_mailing_queue_ids":[],"_links":{"self":[{"href":"https:\/\/agora.xtec.cat\/ceippractiques2-lleida\/wp-json\/wp\/v2\/posts\/3790","targetHints":{"allow":["GET"]}}],"collection":[{"href":"https:\/\/agora.xtec.cat\/ceippractiques2-lleida\/wp-json\/wp\/v2\/posts"}],"about":[{"href":"https:\/\/agora.xtec.cat\/ceippractiques2-lleida\/wp-json\/wp\/v2\/types\/post"}],"author":[{"embeddable":true,"href":"https:\/\/agora.xtec.cat\/ceippractiques2-lleida\/wp-json\/wp\/v2\/users\/1"}],"replies":[{"embeddable":true,"href":"https:\/\/agora.xtec.cat\/ceippractiques2-lleida\/wp-json\/wp\/v2\/comments?post=3790"}],"version-history":[{"count":3,"href":"https:\/\/agora.xtec.cat\/ceippractiques2-lleida\/wp-json\/wp\/v2\/posts\/3790\/revisions"}],"predecessor-version":[{"id":3826,"href":"https:\/\/agora.xtec.cat\/ceippractiques2-lleida\/wp-json\/wp\/v2\/posts\/3790\/revisions\/3826"}],"wp:featuredmedia":[{"embeddable":true,"href":"https:\/\/agora.xtec.cat\/ceippractiques2-lleida\/wp-json\/wp\/v2\/media\/3797"}],"wp:attachment":[{"href":"https:\/\/agora.xtec.cat\/ceippractiques2-lleida\/wp-json\/wp\/v2\/media?parent=3790"}],"wp:term":[{"taxonomy":"category","embeddable":true,"href":"https:\/\/agora.xtec.cat\/ceippractiques2-lleida\/wp-json\/wp\/v2\/categories?post=3790"},{"taxonomy":"post_tag","embeddable":true,"href":"https:\/\/agora.xtec.cat\/ceippractiques2-lleida\/wp-json\/wp\/v2\/tags?post=3790"}],"curies":[{"name":"wp","href":"https:\/\/api.w.org\/{rel}","templated":true}]}}