{"id":3785,"date":"2020-03-03T12:17:07","date_gmt":"2020-03-03T11:17:07","guid":{"rendered":"http:\/\/agora.xtec.cat\/ceippractiques2-lleida\/?p=3785"},"modified":"2020-03-03T12:17:07","modified_gmt":"2020-03-03T11:17:07","slug":"superfrutis","status":"publish","type":"post","link":"https:\/\/agora.xtec.cat\/ceippractiques2-lleida\/general\/superfrutis\/","title":{"rendered":"SUPERFRUTIS"},"content":{"rendered":"<p>El passat dijous 27 de febrer l\u2019alumnat de Segon de Cicle Inicial vam participar en un taller per treballar els aspectes b\u00e0sics de l\u2019alimentaci\u00f3 saludable i sostenible.<span style=\"font-weight: 400;\"> Dins del programa del pla consum de la fruita a les escoles, vam ajudar a<\/span> la S\u00faper-poma i la S\u00faper-alberg\u00ednia a neutralitzar els atacs d\u2019en Sucrator, que havia escampat l&#8217;epid\u00e8mia de la mala salut a la ciutat de Maked\u00f2nia.<\/p>\n<p><span style=\"font-weight: 400;\">Per aix\u00f2, tota la classe va lluitar per combatre\u2019l i alliberar-nos del sucre a trav\u00e9s d\u2019aliments com la fruita o els fruits secs per endolcir els iogurts i ens van animar a llegir m\u00e9s les etiquetes dels productes que comprem! Vam preparar una maced\u00f2nia bon\u00edssima!<\/span><\/p>\n<p><a href=\"https:\/\/drive.google.com\/drive\/folders\/1lAW6a-RQMxgKgz6yFuxsmNS07gWMa2PR?usp=sharing\"><img loading=\"lazy\" decoding=\"async\" class=\"alignnone wp-image-3788 size-large\" src=\"https:\/\/agora.xtec.cat\/ceippractiques2-lleida\/wp-content\/uploads\/usu635\/2020\/03\/IMG_3056-1-1024x551.jpg\" alt=\"\" width=\"1024\" height=\"551\" srcset=\"https:\/\/agora.xtec.cat\/ceippractiques2-lleida\/wp-content\/uploads\/usu635\/2020\/03\/IMG_3056-1-1024x551.jpg 1024w, https:\/\/agora.xtec.cat\/ceippractiques2-lleida\/wp-content\/uploads\/usu635\/2020\/03\/IMG_3056-1-300x161.jpg 300w, https:\/\/agora.xtec.cat\/ceippractiques2-lleida\/wp-content\/uploads\/usu635\/2020\/03\/IMG_3056-1-768x413.jpg 768w\" sizes=\"auto, (max-width: 1024px) 100vw, 1024px\" \/><\/a><\/p>\n","protected":false},"excerpt":{"rendered":"<p>El passat dijous 27 de febrer l\u2019alumnat de Segon de Cicle Inicial vam participar en un taller per treballar els aspectes b\u00e0sics de l\u2019alimentaci\u00f3 saludable i sostenible. Dins del programa del pla consum de la fruita a les escoles, vam ajudar a la S\u00faper-poma i&hellip;  <a href=\"https:\/\/agora.xtec.cat\/ceippractiques2-lleida\/general\/superfrutis\/\" title=\"Read SUPERFRUTIS\">Llegeix m\u00e9s\u00bb<\/a><\/p>\n","protected":false},"author":1,"featured_media":0,"comment_status":"open","ping_status":"closed","sticky":false,"template":"","format":"standard","meta":{"_bbp_topic_count":0,"_bbp_reply_count":0,"_bbp_total_topic_count":0,"_bbp_total_reply_count":0,"_bbp_voice_count":0,"_bbp_anonymous_reply_count":0,"_bbp_topic_count_hidden":0,"_bbp_reply_count_hidden":0,"_bbp_forum_subforum_count":0,"footnotes":""},"categories":[11,1,4],"tags":[],"class_list":["post-3785","post","type-post","status-publish","format-standard","hentry","category-2n","category-general","category-portada"],"post_mailing_queue_ids":[],"_links":{"self":[{"href":"https:\/\/agora.xtec.cat\/ceippractiques2-lleida\/wp-json\/wp\/v2\/posts\/3785","targetHints":{"allow":["GET"]}}],"collection":[{"href":"https:\/\/agora.xtec.cat\/ceippractiques2-lleida\/wp-json\/wp\/v2\/posts"}],"about":[{"href":"https:\/\/agora.xtec.cat\/ceippractiques2-lleida\/wp-json\/wp\/v2\/types\/post"}],"author":[{"embeddable":true,"href":"https:\/\/agora.xtec.cat\/ceippractiques2-lleida\/wp-json\/wp\/v2\/users\/1"}],"replies":[{"embeddable":true,"href":"https:\/\/agora.xtec.cat\/ceippractiques2-lleida\/wp-json\/wp\/v2\/comments?post=3785"}],"version-history":[{"count":1,"href":"https:\/\/agora.xtec.cat\/ceippractiques2-lleida\/wp-json\/wp\/v2\/posts\/3785\/revisions"}],"predecessor-version":[{"id":3789,"href":"https:\/\/agora.xtec.cat\/ceippractiques2-lleida\/wp-json\/wp\/v2\/posts\/3785\/revisions\/3789"}],"wp:attachment":[{"href":"https:\/\/agora.xtec.cat\/ceippractiques2-lleida\/wp-json\/wp\/v2\/media?parent=3785"}],"wp:term":[{"taxonomy":"category","embeddable":true,"href":"https:\/\/agora.xtec.cat\/ceippractiques2-lleida\/wp-json\/wp\/v2\/categories?post=3785"},{"taxonomy":"post_tag","embeddable":true,"href":"https:\/\/agora.xtec.cat\/ceippractiques2-lleida\/wp-json\/wp\/v2\/tags?post=3785"}],"curies":[{"name":"wp","href":"https:\/\/api.w.org\/{rel}","templated":true}]}}