{"id":3778,"date":"2020-02-26T16:31:07","date_gmt":"2020-02-26T15:31:07","guid":{"rendered":"http:\/\/agora.xtec.cat\/ceippractiques2-lleida\/?p=3778"},"modified":"2020-02-26T16:31:07","modified_gmt":"2020-02-26T15:31:07","slug":"els-bombers-i-els-incendis","status":"publish","type":"post","link":"https:\/\/agora.xtec.cat\/ceippractiques2-lleida\/general\/els-bombers-i-els-incendis\/","title":{"rendered":"ELS BOMBERS I ELS INCENDIS"},"content":{"rendered":"<p>El 31 de gener i el 5 de febrer de 2020, el David Servi\u00e0 va oferir una xerrada, als alumnes de Cicle Mitj\u00e0, sobre l\u2019ofici dels bombers i la problem\u00e0tica dels nous incendis, de sisena generaci\u00f3, motivats en bona mesura pel canvi clim\u00e0tic. Va ser molt interessant i participativa i tots els alumnes que ho van voler hi van poder intervenir. <a href=\"https:\/\/drive.google.com\/drive\/folders\/1MPtncMlLcVLkzm9EZlCDXF-JDBUVLK4O?usp=sharing\"><img loading=\"lazy\" decoding=\"async\" class=\"alignnone wp-image-3779 size-large\" src=\"https:\/\/agora.xtec.cat\/ceippractiques2-lleida\/wp-content\/uploads\/usu635\/2020\/02\/20200204_122204-1-1024x650.jpg\" alt=\"\" width=\"1024\" height=\"650\" srcset=\"https:\/\/agora.xtec.cat\/ceippractiques2-lleida\/wp-content\/uploads\/usu635\/2020\/02\/20200204_122204-1-1024x650.jpg 1024w, https:\/\/agora.xtec.cat\/ceippractiques2-lleida\/wp-content\/uploads\/usu635\/2020\/02\/20200204_122204-1-300x190.jpg 300w, https:\/\/agora.xtec.cat\/ceippractiques2-lleida\/wp-content\/uploads\/usu635\/2020\/02\/20200204_122204-1-768x488.jpg 768w\" sizes=\"auto, (max-width: 1024px) 100vw, 1024px\" \/><\/a><\/p>\n","protected":false},"excerpt":{"rendered":"<p>El 31 de gener i el 5 de febrer de 2020, el David Servi\u00e0 va oferir una xerrada, als alumnes de Cicle Mitj\u00e0, sobre l\u2019ofici dels bombers i la problem\u00e0tica dels nous incendis, de sisena generaci\u00f3, motivats en bona mesura pel canvi clim\u00e0tic. Va ser&hellip;  <a href=\"https:\/\/agora.xtec.cat\/ceippractiques2-lleida\/general\/els-bombers-i-els-incendis\/\" title=\"Read ELS BOMBERS I ELS INCENDIS\">Llegeix m\u00e9s\u00bb<\/a><\/p>\n","protected":false},"author":1,"featured_media":0,"comment_status":"open","ping_status":"closed","sticky":false,"template":"","format":"standard","meta":{"_bbp_topic_count":0,"_bbp_reply_count":0,"_bbp_total_topic_count":0,"_bbp_total_reply_count":0,"_bbp_voice_count":0,"_bbp_anonymous_reply_count":0,"_bbp_topic_count_hidden":0,"_bbp_reply_count_hidden":0,"_bbp_forum_subforum_count":0,"footnotes":""},"categories":[12,1,4],"tags":[],"class_list":["post-3778","post","type-post","status-publish","format-standard","hentry","category-3r","category-general","category-portada"],"post_mailing_queue_ids":[],"_links":{"self":[{"href":"https:\/\/agora.xtec.cat\/ceippractiques2-lleida\/wp-json\/wp\/v2\/posts\/3778","targetHints":{"allow":["GET"]}}],"collection":[{"href":"https:\/\/agora.xtec.cat\/ceippractiques2-lleida\/wp-json\/wp\/v2\/posts"}],"about":[{"href":"https:\/\/agora.xtec.cat\/ceippractiques2-lleida\/wp-json\/wp\/v2\/types\/post"}],"author":[{"embeddable":true,"href":"https:\/\/agora.xtec.cat\/ceippractiques2-lleida\/wp-json\/wp\/v2\/users\/1"}],"replies":[{"embeddable":true,"href":"https:\/\/agora.xtec.cat\/ceippractiques2-lleida\/wp-json\/wp\/v2\/comments?post=3778"}],"version-history":[{"count":1,"href":"https:\/\/agora.xtec.cat\/ceippractiques2-lleida\/wp-json\/wp\/v2\/posts\/3778\/revisions"}],"predecessor-version":[{"id":3780,"href":"https:\/\/agora.xtec.cat\/ceippractiques2-lleida\/wp-json\/wp\/v2\/posts\/3778\/revisions\/3780"}],"wp:attachment":[{"href":"https:\/\/agora.xtec.cat\/ceippractiques2-lleida\/wp-json\/wp\/v2\/media?parent=3778"}],"wp:term":[{"taxonomy":"category","embeddable":true,"href":"https:\/\/agora.xtec.cat\/ceippractiques2-lleida\/wp-json\/wp\/v2\/categories?post=3778"},{"taxonomy":"post_tag","embeddable":true,"href":"https:\/\/agora.xtec.cat\/ceippractiques2-lleida\/wp-json\/wp\/v2\/tags?post=3778"}],"curies":[{"name":"wp","href":"https:\/\/api.w.org\/{rel}","templated":true}]}}