{"id":3769,"date":"2020-02-25T12:11:13","date_gmt":"2020-02-25T11:11:13","guid":{"rendered":"http:\/\/agora.xtec.cat\/ceippractiques2-lleida\/?p=3769"},"modified":"2020-02-25T12:11:13","modified_gmt":"2020-02-25T11:11:13","slug":"el-rei-carnestoltes-pau-pi","status":"publish","type":"post","link":"https:\/\/agora.xtec.cat\/ceippractiques2-lleida\/general\/el-rei-carnestoltes-pau-pi\/","title":{"rendered":"El rei Carnestoltes, Pau Pi!"},"content":{"rendered":"<p>Aquest passat divendres ens va visitar la Germandat de Pau Pi, el rei Carnestoltes lleidat\u00e0. I aix\u00ed, amb l&#8217;arribada de sa majestat, va comen\u00e7ar la disbauxa al pati de l&#8217;escola. Despr\u00e9s del discurs d&#8217;en Pau Pi,\u00a0 amb gresca i xerinola vam celebrar el Carnaval!<\/p>\n<p>Gr\u00e0cies Germandat d&#8217;en Pau Pi, fins l&#8217;any vinent!! Us esperem!!<\/p>\n<p style=\"text-align: center;\"><a href=\"https:\/\/drive.google.com\/drive\/folders\/1-AEVWGqk5I1NiuSAkP5-sWeNc8KrKXMQ?usp=sharing\"><img loading=\"lazy\" decoding=\"async\" class=\"alignnone wp-image-3770 size-full\" src=\"https:\/\/agora.xtec.cat\/ceippractiques2-lleida\/wp-content\/uploads\/usu635\/2020\/02\/Paupi.jpg\" alt=\"\" width=\"259\" height=\"194\" srcset=\"https:\/\/agora.xtec.cat\/ceippractiques2-lleida\/wp-content\/uploads\/usu635\/2020\/02\/Paupi.jpg 259w, https:\/\/agora.xtec.cat\/ceippractiques2-lleida\/wp-content\/uploads\/usu635\/2020\/02\/Paupi-200x150.jpg 200w\" sizes=\"auto, (max-width: 259px) 100vw, 259px\" \/><\/a><\/p>\n<p>&nbsp;<\/p>\n","protected":false},"excerpt":{"rendered":"<p>Aquest passat divendres ens va visitar la Germandat de Pau Pi, el rei Carnestoltes lleidat\u00e0. I aix\u00ed, amb l&#8217;arribada de sa majestat, va comen\u00e7ar la disbauxa al pati de l&#8217;escola. Despr\u00e9s del discurs d&#8217;en Pau Pi,\u00a0 amb gresca i xerinola vam celebrar el Carnaval!<br \/>\nGr\u00e0cies Germandat&hellip;  <a href=\"https:\/\/agora.xtec.cat\/ceippractiques2-lleida\/general\/el-rei-carnestoltes-pau-pi\/\" title=\"Read El rei Carnestoltes, Pau Pi!\">Llegeix m\u00e9s\u00bb<\/a><\/p>\n","protected":false},"author":1,"featured_media":0,"comment_status":"open","ping_status":"closed","sticky":false,"template":"","format":"standard","meta":{"_bbp_topic_count":0,"_bbp_reply_count":0,"_bbp_total_topic_count":0,"_bbp_total_reply_count":0,"_bbp_voice_count":0,"_bbp_anonymous_reply_count":0,"_bbp_topic_count_hidden":0,"_bbp_reply_count_hidden":0,"_bbp_forum_subforum_count":0,"footnotes":""},"categories":[1,4],"tags":[],"class_list":["post-3769","post","type-post","status-publish","format-standard","hentry","category-general","category-portada"],"post_mailing_queue_ids":[],"_links":{"self":[{"href":"https:\/\/agora.xtec.cat\/ceippractiques2-lleida\/wp-json\/wp\/v2\/posts\/3769","targetHints":{"allow":["GET"]}}],"collection":[{"href":"https:\/\/agora.xtec.cat\/ceippractiques2-lleida\/wp-json\/wp\/v2\/posts"}],"about":[{"href":"https:\/\/agora.xtec.cat\/ceippractiques2-lleida\/wp-json\/wp\/v2\/types\/post"}],"author":[{"embeddable":true,"href":"https:\/\/agora.xtec.cat\/ceippractiques2-lleida\/wp-json\/wp\/v2\/users\/1"}],"replies":[{"embeddable":true,"href":"https:\/\/agora.xtec.cat\/ceippractiques2-lleida\/wp-json\/wp\/v2\/comments?post=3769"}],"version-history":[{"count":2,"href":"https:\/\/agora.xtec.cat\/ceippractiques2-lleida\/wp-json\/wp\/v2\/posts\/3769\/revisions"}],"predecessor-version":[{"id":3772,"href":"https:\/\/agora.xtec.cat\/ceippractiques2-lleida\/wp-json\/wp\/v2\/posts\/3769\/revisions\/3772"}],"wp:attachment":[{"href":"https:\/\/agora.xtec.cat\/ceippractiques2-lleida\/wp-json\/wp\/v2\/media?parent=3769"}],"wp:term":[{"taxonomy":"category","embeddable":true,"href":"https:\/\/agora.xtec.cat\/ceippractiques2-lleida\/wp-json\/wp\/v2\/categories?post=3769"},{"taxonomy":"post_tag","embeddable":true,"href":"https:\/\/agora.xtec.cat\/ceippractiques2-lleida\/wp-json\/wp\/v2\/tags?post=3769"}],"curies":[{"name":"wp","href":"https:\/\/api.w.org\/{rel}","templated":true}]}}