{"id":3727,"date":"2020-02-03T13:15:07","date_gmt":"2020-02-03T12:15:07","guid":{"rendered":"http:\/\/agora.xtec.cat\/ceippractiques2-lleida\/?p=3727"},"modified":"2020-02-04T12:14:19","modified_gmt":"2020-02-04T11:14:19","slug":"viatge-a-lilla-de-man","status":"publish","type":"post","link":"https:\/\/agora.xtec.cat\/ceippractiques2-lleida\/general\/viatge-a-lilla-de-man\/","title":{"rendered":"Viatge a l&#8217;Illa de Man"},"content":{"rendered":"<p style=\"text-align: left;\">El divendres l&#8217;alumnat de 1r va fer un fant\u00e0stic viatge amb vaixell acompanyant a un grapat de m\u00fasics d\u2019arreu les Illes Brit\u00e0niques que anaven fins a l\u2019illa a buscar fortuna! Durant el viatge amb vaixell, es van trobar persones de cultures molt diferents i acaben parlant de l\u2019\u00fanic llenguatge que els \u00e9s vertaderament universal: la m\u00fasica. Ha estat genial!<\/p>\n<p>&nbsp;<\/p>\n<p style=\"text-align: center;\"><a href=\"https:\/\/drive.google.com\/drive\/folders\/1--MRnp6I7HdpYLA7HOqXaR3lNfLcNDR1?usp=sharing\"><img loading=\"lazy\" decoding=\"async\" class=\"alignnone wp-image-3729 size-full\" src=\"https:\/\/agora.xtec.cat\/ceippractiques2-lleida\/wp-content\/uploads\/usu635\/2020\/02\/viatge-a-lILLA-DE-MAN-1.png\" alt=\"\" width=\"555\" height=\"386\" srcset=\"https:\/\/agora.xtec.cat\/ceippractiques2-lleida\/wp-content\/uploads\/usu635\/2020\/02\/viatge-a-lILLA-DE-MAN-1.png 555w, https:\/\/agora.xtec.cat\/ceippractiques2-lleida\/wp-content\/uploads\/usu635\/2020\/02\/viatge-a-lILLA-DE-MAN-1-300x209.png 300w\" sizes=\"auto, (max-width: 555px) 100vw, 555px\" \/><\/a><\/p>\n","protected":false},"excerpt":{"rendered":"<p>El divendres l&#8217;alumnat de 1r va fer un fant\u00e0stic viatge amb vaixell acompanyant a un grapat de m\u00fasics d\u2019arreu les Illes Brit\u00e0niques que anaven fins a l\u2019illa a buscar fortuna! Durant el viatge amb vaixell, es van trobar persones de cultures molt diferents i acaben&hellip;  <a href=\"https:\/\/agora.xtec.cat\/ceippractiques2-lleida\/general\/viatge-a-lilla-de-man\/\" title=\"Read Viatge a l&#8217;Illa de Man\">Llegeix m\u00e9s\u00bb<\/a><\/p>\n","protected":false},"author":1,"featured_media":0,"comment_status":"open","ping_status":"closed","sticky":false,"template":"","format":"standard","meta":{"_bbp_topic_count":0,"_bbp_reply_count":0,"_bbp_total_topic_count":0,"_bbp_total_reply_count":0,"_bbp_voice_count":0,"_bbp_anonymous_reply_count":0,"_bbp_topic_count_hidden":0,"_bbp_reply_count_hidden":0,"_bbp_forum_subforum_count":0,"footnotes":""},"categories":[10,1,4],"tags":[],"class_list":["post-3727","post","type-post","status-publish","format-standard","hentry","category-1r","category-general","category-portada"],"post_mailing_queue_ids":[],"_links":{"self":[{"href":"https:\/\/agora.xtec.cat\/ceippractiques2-lleida\/wp-json\/wp\/v2\/posts\/3727","targetHints":{"allow":["GET"]}}],"collection":[{"href":"https:\/\/agora.xtec.cat\/ceippractiques2-lleida\/wp-json\/wp\/v2\/posts"}],"about":[{"href":"https:\/\/agora.xtec.cat\/ceippractiques2-lleida\/wp-json\/wp\/v2\/types\/post"}],"author":[{"embeddable":true,"href":"https:\/\/agora.xtec.cat\/ceippractiques2-lleida\/wp-json\/wp\/v2\/users\/1"}],"replies":[{"embeddable":true,"href":"https:\/\/agora.xtec.cat\/ceippractiques2-lleida\/wp-json\/wp\/v2\/comments?post=3727"}],"version-history":[{"count":3,"href":"https:\/\/agora.xtec.cat\/ceippractiques2-lleida\/wp-json\/wp\/v2\/posts\/3727\/revisions"}],"predecessor-version":[{"id":3736,"href":"https:\/\/agora.xtec.cat\/ceippractiques2-lleida\/wp-json\/wp\/v2\/posts\/3727\/revisions\/3736"}],"wp:attachment":[{"href":"https:\/\/agora.xtec.cat\/ceippractiques2-lleida\/wp-json\/wp\/v2\/media?parent=3727"}],"wp:term":[{"taxonomy":"category","embeddable":true,"href":"https:\/\/agora.xtec.cat\/ceippractiques2-lleida\/wp-json\/wp\/v2\/categories?post=3727"},{"taxonomy":"post_tag","embeddable":true,"href":"https:\/\/agora.xtec.cat\/ceippractiques2-lleida\/wp-json\/wp\/v2\/tags?post=3727"}],"curies":[{"name":"wp","href":"https:\/\/api.w.org\/{rel}","templated":true}]}}