{"id":3623,"date":"2019-12-17T16:47:42","date_gmt":"2019-12-17T15:47:42","guid":{"rendered":"http:\/\/agora.xtec.cat\/ceippractiques2-lleida\/?p=3623"},"modified":"2019-12-17T16:48:10","modified_gmt":"2019-12-17T15:48:10","slug":"recomanacions-per-nadal","status":"publish","type":"post","link":"https:\/\/agora.xtec.cat\/ceippractiques2-lleida\/general\/recomanacions-per-nadal\/","title":{"rendered":"Recomanacions per Nadal"},"content":{"rendered":"<p><a href=\"https:\/\/agora.xtec.cat\/ceippractiques2-lleida\/wp-content\/uploads\/usu635\/2019\/12\/unnamed.png\"><img loading=\"lazy\" decoding=\"async\" class=\"size-medium wp-image-3625 alignleft\" src=\"https:\/\/agora.xtec.cat\/ceippractiques2-lleida\/wp-content\/uploads\/usu635\/2019\/12\/unnamed-212x300.png\" alt=\"\" width=\"212\" height=\"300\" srcset=\"https:\/\/agora.xtec.cat\/ceippractiques2-lleida\/wp-content\/uploads\/usu635\/2019\/12\/unnamed-212x300.png 212w, https:\/\/agora.xtec.cat\/ceippractiques2-lleida\/wp-content\/uploads\/usu635\/2019\/12\/unnamed-768x1085.png 768w, https:\/\/agora.xtec.cat\/ceippractiques2-lleida\/wp-content\/uploads\/usu635\/2019\/12\/unnamed-725x1024.png 725w, https:\/\/agora.xtec.cat\/ceippractiques2-lleida\/wp-content\/uploads\/usu635\/2019\/12\/unnamed.png 1241w\" sizes=\"auto, (max-width: 212px) 100vw, 212px\" \/><\/a><\/p>\n<p>Avui volem compartir amb totes les fam\u00edlies de l&#8217;escola les lectures recomanades per aquestes vacances d&#8217;hivern.<\/p>\n<p>Ens arriba, aquesta proposta de lectura, des del CRP del Segri\u00e0. Els hi donem les gr\u00e0cies!!!!!!!!!!<\/p>\n<p><a href=\"https:\/\/jaumecentelles.files.wordpress.com\/2019\/12\/lectures-recomanades-nadal-2019.pdf\">J. Centelles<\/a><\/p>\n<p><a href=\"https:\/\/www.rosasensat.org\/biblioteca\/recursos\/el-garbell\/el-garbell-num-18-hivern-2019\/\">Butllet\u00ed El Garbell<\/a><\/p>\n<p><a href=\"http:\/\/www.gretel.cat\/recomanacions-lij\/\">GRETEL<\/a><\/p>\n<p><a href=\"https:\/\/www.clijcat.cat\/faristol\/critiques\/\">Faristol<\/a><\/p>\n<p>Cliqueu a sobre de l&#8217;enlla\u00e7 i obrireu la porta a un m\u00f3n d&#8217;il.lusions i aventures. I, no oblideu que un llibre sempre \u00e9s un regal fasnt\u00e0stic!!!!!<\/p>\n","protected":false},"excerpt":{"rendered":"<p><a href=\"https:\/\/agora.xtec.cat\/ceippractiques2-lleida\/wp-content\/uploads\/usu635\/2019\/12\/unnamed.png\"><\/a><br \/>\nAvui volem compartir amb totes les fam\u00edlies de l&#8217;escola les lectures recomanades per aquestes vacances d&#8217;hivern.<br \/>\nEns arriba, aquesta proposta de lectura, des del CRP del Segri\u00e0. Els hi donem les gr\u00e0cies!!!!!!!!!!<br \/>\n<a href=\"https:\/\/jaumecentelles.files.wordpress.com\/2019\/12\/lectures-recomanades-nadal-2019.pdf\">J. Centelles<\/a><br \/>\n<a href=\"https:\/\/www.rosasensat.org\/biblioteca\/recursos\/el-garbell\/el-garbell-num-18-hivern-2019\/\">Butllet\u00ed El Garbell<\/a><br \/>\n<a href=\"http:\/\/www.gretel.cat\/recomanacions-lij\/\">GRETEL<\/a><br \/>\n<a href=\"https:\/\/www.clijcat.cat\/faristol\/critiques\/\">Faristol<\/a><br \/>\nCliqueu a sobre de l&#8217;enlla\u00e7 i obrireu&hellip;  <a href=\"https:\/\/agora.xtec.cat\/ceippractiques2-lleida\/general\/recomanacions-per-nadal\/\" title=\"Read Recomanacions per Nadal\">Llegeix m\u00e9s\u00bb<\/a><\/p>\n","protected":false},"author":1,"featured_media":3625,"comment_status":"open","ping_status":"closed","sticky":false,"template":"","format":"standard","meta":{"_bbp_topic_count":0,"_bbp_reply_count":0,"_bbp_total_topic_count":0,"_bbp_total_reply_count":0,"_bbp_voice_count":0,"_bbp_anonymous_reply_count":0,"_bbp_topic_count_hidden":0,"_bbp_reply_count_hidden":0,"_bbp_forum_subforum_count":0,"footnotes":""},"categories":[1],"tags":[],"class_list":["post-3623","post","type-post","status-publish","format-standard","has-post-thumbnail","hentry","category-general"],"post_mailing_queue_ids":[],"_links":{"self":[{"href":"https:\/\/agora.xtec.cat\/ceippractiques2-lleida\/wp-json\/wp\/v2\/posts\/3623","targetHints":{"allow":["GET"]}}],"collection":[{"href":"https:\/\/agora.xtec.cat\/ceippractiques2-lleida\/wp-json\/wp\/v2\/posts"}],"about":[{"href":"https:\/\/agora.xtec.cat\/ceippractiques2-lleida\/wp-json\/wp\/v2\/types\/post"}],"author":[{"embeddable":true,"href":"https:\/\/agora.xtec.cat\/ceippractiques2-lleida\/wp-json\/wp\/v2\/users\/1"}],"replies":[{"embeddable":true,"href":"https:\/\/agora.xtec.cat\/ceippractiques2-lleida\/wp-json\/wp\/v2\/comments?post=3623"}],"version-history":[{"count":3,"href":"https:\/\/agora.xtec.cat\/ceippractiques2-lleida\/wp-json\/wp\/v2\/posts\/3623\/revisions"}],"predecessor-version":[{"id":3628,"href":"https:\/\/agora.xtec.cat\/ceippractiques2-lleida\/wp-json\/wp\/v2\/posts\/3623\/revisions\/3628"}],"wp:featuredmedia":[{"embeddable":true,"href":"https:\/\/agora.xtec.cat\/ceippractiques2-lleida\/wp-json\/wp\/v2\/media\/3625"}],"wp:attachment":[{"href":"https:\/\/agora.xtec.cat\/ceippractiques2-lleida\/wp-json\/wp\/v2\/media?parent=3623"}],"wp:term":[{"taxonomy":"category","embeddable":true,"href":"https:\/\/agora.xtec.cat\/ceippractiques2-lleida\/wp-json\/wp\/v2\/categories?post=3623"},{"taxonomy":"post_tag","embeddable":true,"href":"https:\/\/agora.xtec.cat\/ceippractiques2-lleida\/wp-json\/wp\/v2\/tags?post=3623"}],"curies":[{"name":"wp","href":"https:\/\/api.w.org\/{rel}","templated":true}]}}