{"id":3598,"date":"2019-12-16T13:25:30","date_gmt":"2019-12-16T12:25:30","guid":{"rendered":"http:\/\/agora.xtec.cat\/ceippractiques2-lleida\/?p=3598"},"modified":"2019-12-16T13:26:00","modified_gmt":"2019-12-16T12:26:00","slug":"lullet-baba","status":"publish","type":"post","link":"https:\/\/agora.xtec.cat\/ceippractiques2-lleida\/general\/lullet-baba\/","title":{"rendered":"L&#8217;Ullet Bab\u00e0"},"content":{"rendered":"<p><a href=\"https:\/\/agora.xtec.cat\/ceippractiques2-lleida\/wp-content\/uploads\/usu635\/2019\/12\/Lullet-al-m\u00f3n-de-les-Mil-i-una-Nits.jpg\"><img loading=\"lazy\" decoding=\"async\" class=\"wp-image-3599 alignleft\" src=\"https:\/\/agora.xtec.cat\/ceippractiques2-lleida\/wp-content\/uploads\/usu635\/2019\/12\/Lullet-al-m\u00f3n-de-les-Mil-i-una-Nits.jpg\" alt=\"\" width=\"333\" height=\"444\" srcset=\"https:\/\/agora.xtec.cat\/ceippractiques2-lleida\/wp-content\/uploads\/usu635\/2019\/12\/Lullet-al-m\u00f3n-de-les-Mil-i-una-Nits.jpg 756w, https:\/\/agora.xtec.cat\/ceippractiques2-lleida\/wp-content\/uploads\/usu635\/2019\/12\/Lullet-al-m\u00f3n-de-les-Mil-i-una-Nits-225x300.jpg 225w\" sizes=\"auto, (max-width: 333px) 100vw, 333px\" \/><\/a><\/p>\n<p>Mireu l&#8217;Ullet, ha decidir anar fins al m\u00f3n de les Mil i una Nits per viure les fant\u00e0stiques hist\u00f2ries que la Xahrazad explicava al sult\u00e0. Ara ens espera a la Biblioteca per compartir tot el que ha vist i ha sentit, per fer-ho posa al nostre abast tot un seguit de t\u00edtols que ens faran viatjar per m\u00f3n ex\u00f2tics i viure emocionats aventures.<\/p>\n<p>Us animeu??????<\/p>\n<p>T\u00edtols recomanats:<\/p>\n<p><strong>La llegenda del Rei Errant<\/strong>, <em>Laura Gallego i Daniel Montero<\/em>, ed Cru\u00eflla (+10)<\/p>\n<p><strong>Taronges en terra de ning\u00fa<\/strong>, <em>Elizabeth Laird<\/em>, ed. Cru\u00eflla (+9)<\/p>\n<p><span style=\"font-size: 16px\"><strong>Perdut a Bombai<\/strong>,<em> Francesc Miralles i Paloma Corral<\/em>, ed. Cru\u00eflla (+8)<br \/>\n<\/span><\/p>\n<p>I \u00e9s clar, qualsevol dels contes de Les Mil i una Nits: Sindbad,el mariner; Alad\u00ed i la ll\u00e0ntia meravellosa; Al\u00ed Bab\u00e0 i els quaranta lladres; &#8230;<\/p>\n<div class=\"view view-titols-autor view-id-titols_autor view-display-id-entity_view_1 view-dom-id-3f9d2f53d7fc47e0cb6a6ae0e1a77df4\">\n<div class=\"view-content\">\n<div class=\"views-row views-row-1 views-row-odd views-row-first views-row-last\">\n<div class=\"views-field views-field-field-authors-only\">\n<h3 class=\"views-label views-label-field-authors-only\"><\/h3>\n<\/div>\n<div class=\"views-field views-field-field-illustrators-only\">\n<div class=\"field-content\"><\/div>\n<\/div>\n<\/div>\n<\/div>\n<\/div>\n","protected":false},"excerpt":{"rendered":"<p><a href=\"https:\/\/agora.xtec.cat\/ceippractiques2-lleida\/wp-content\/uploads\/usu635\/2019\/12\/Lullet-al-m\u00f3n-de-les-Mil-i-una-Nits.jpg\"><\/a><br \/>\nMireu l&#8217;Ullet, ha decidir anar fins al m\u00f3n de les Mil i una Nits per viure les fant\u00e0stiques hist\u00f2ries que la Xahrazad explicava al sult\u00e0. Ara ens espera a la Biblioteca per compartir tot el que ha vist i ha sentit, per fer-ho posa&hellip;  <a href=\"https:\/\/agora.xtec.cat\/ceippractiques2-lleida\/general\/lullet-baba\/\" title=\"Read L&#8217;Ullet Bab\u00e0\">Llegeix m\u00e9s\u00bb<\/a><\/p>\n","protected":false},"author":1,"featured_media":3599,"comment_status":"open","ping_status":"closed","sticky":false,"template":"","format":"standard","meta":{"_bbp_topic_count":0,"_bbp_reply_count":0,"_bbp_total_topic_count":0,"_bbp_total_reply_count":0,"_bbp_voice_count":0,"_bbp_anonymous_reply_count":0,"_bbp_topic_count_hidden":0,"_bbp_reply_count_hidden":0,"_bbp_forum_subforum_count":0,"footnotes":""},"categories":[1,4],"tags":[],"class_list":["post-3598","post","type-post","status-publish","format-standard","has-post-thumbnail","hentry","category-general","category-portada"],"post_mailing_queue_ids":[],"_links":{"self":[{"href":"https:\/\/agora.xtec.cat\/ceippractiques2-lleida\/wp-json\/wp\/v2\/posts\/3598","targetHints":{"allow":["GET"]}}],"collection":[{"href":"https:\/\/agora.xtec.cat\/ceippractiques2-lleida\/wp-json\/wp\/v2\/posts"}],"about":[{"href":"https:\/\/agora.xtec.cat\/ceippractiques2-lleida\/wp-json\/wp\/v2\/types\/post"}],"author":[{"embeddable":true,"href":"https:\/\/agora.xtec.cat\/ceippractiques2-lleida\/wp-json\/wp\/v2\/users\/1"}],"replies":[{"embeddable":true,"href":"https:\/\/agora.xtec.cat\/ceippractiques2-lleida\/wp-json\/wp\/v2\/comments?post=3598"}],"version-history":[{"count":2,"href":"https:\/\/agora.xtec.cat\/ceippractiques2-lleida\/wp-json\/wp\/v2\/posts\/3598\/revisions"}],"predecessor-version":[{"id":3601,"href":"https:\/\/agora.xtec.cat\/ceippractiques2-lleida\/wp-json\/wp\/v2\/posts\/3598\/revisions\/3601"}],"wp:featuredmedia":[{"embeddable":true,"href":"https:\/\/agora.xtec.cat\/ceippractiques2-lleida\/wp-json\/wp\/v2\/media\/3599"}],"wp:attachment":[{"href":"https:\/\/agora.xtec.cat\/ceippractiques2-lleida\/wp-json\/wp\/v2\/media?parent=3598"}],"wp:term":[{"taxonomy":"category","embeddable":true,"href":"https:\/\/agora.xtec.cat\/ceippractiques2-lleida\/wp-json\/wp\/v2\/categories?post=3598"},{"taxonomy":"post_tag","embeddable":true,"href":"https:\/\/agora.xtec.cat\/ceippractiques2-lleida\/wp-json\/wp\/v2\/tags?post=3598"}],"curies":[{"name":"wp","href":"https:\/\/api.w.org\/{rel}","templated":true}]}}