{"id":3565,"date":"2019-11-26T17:16:19","date_gmt":"2019-11-26T16:16:19","guid":{"rendered":"http:\/\/agora.xtec.cat\/ceippractiques2-lleida\/?p=3565"},"modified":"2019-11-26T17:16:19","modified_gmt":"2019-11-26T16:16:19","slug":"la-biblioteca-recomana","status":"publish","type":"post","link":"https:\/\/agora.xtec.cat\/ceippractiques2-lleida\/general\/la-biblioteca-recomana\/","title":{"rendered":"La Biblioteca recomana"},"content":{"rendered":"<p><a href=\"https:\/\/agora.xtec.cat\/ceippractiques2-lleida\/wp-content\/uploads\/usu635\/2019\/11\/Timagines-la-vida-sense-ell.jpg\"><img loading=\"lazy\" decoding=\"async\" class=\" wp-image-3566 alignleft\" src=\"https:\/\/agora.xtec.cat\/ceippractiques2-lleida\/wp-content\/uploads\/usu635\/2019\/11\/Timagines-la-vida-sense-ell.jpg\" alt=\"\" width=\"276\" height=\"429\" srcset=\"https:\/\/agora.xtec.cat\/ceippractiques2-lleida\/wp-content\/uploads\/usu635\/2019\/11\/Timagines-la-vida-sense-ell.jpg 322w, https:\/\/agora.xtec.cat\/ceippractiques2-lleida\/wp-content\/uploads\/usu635\/2019\/11\/Timagines-la-vida-sense-ell-193x300.jpg 193w\" sizes=\"auto, (max-width: 276px) 100vw, 276px\" \/><\/a><\/p>\n<p><strong>Ficha t\u00e9cnica<\/strong><\/p>\n<p>N\u00ba de p\u00e1ginas: 192<\/p>\n<p>Editorial: BROMERA<\/p>\n<p>Idioma: CATAL\u00c1N<\/p>\n<p>Encuadernaci\u00f3n: Sin definir<\/p>\n<p>ISBN: 9788490261675<\/p>\n<p>A\u00f1o de edici\u00f3n: 2013<\/p>\n<p>Plaza de edici\u00f3n: ESPA\u00d1A<\/p>\n<p>&nbsp;<\/p>\n<p>El 25 de Novembre \u00e9s El Dia internacional per a l&#8217;eliminaci\u00f3 de la viol\u00e8ncia <strong>contra les dones (o DIEVCM)<\/strong>. Aquesta data va ser aprovada per l&#8217;Assemblea General de les Nacions Unides en la seva resoluci\u00f3 54\/134 el 17 de desembre de 1999, i se celebra anualment La proposta perqu\u00e8 se celebr\u00e9s en aquesta data la va realitzar la Rep\u00fablica Dominicana, amb el suport de 80 pa\u00efsos. La viol\u00e8ncia contra les dones es presenta en molts \u00e0mbits: f\u00edsica, sexual, psicol\u00f2gica i econ\u00f2mica, totes les quals s&#8217;interrelacionen i les afecten en diferents nivells.<\/p>\n<p>La viol\u00e8ncia contra les dones afecta fam\u00edlies i comunitats de totes les generacions i refor\u00e7a altres tipus de viol\u00e8ncia prevalents en la societat. No est\u00e0 confinada a una cultura, regi\u00f3 o pa\u00eds espec\u00edfic, ni a grups particulars de dones en la societat. Les arrels del fenomen jeuen en la discriminaci\u00f3 persistent cap a les dones. Fins al 70 per cent de les dones patiran algun tipus de viol\u00e8ncia masclista al llarg de les seves vides.<\/p>\n<p>Per aquesta ra\u00f3 avui recomanem un llibre per<strong> adults, <\/strong><em>T\u2019imagines la vida sense ell?. <\/em>\u00c9s la historia d\u2019una dona, la Merc\u00e8, sotmesa, atemorida i humiliada di\u00e0riament pel seu marit, en Lloren\u00e7. Aquesta hist\u00f2ria \u00e9s narrada en forma de dietari, un diari secret que \u00e9s descobert pel seu fill trenta anys m\u00e9s tard, quan la dona ja est\u00e0 morta i el fill va descobrint horroritzat realment quina mena de persones eren els seus pares i com la seva mare va actuar per posar fi als seus patiments.<\/p>\n<p>A poc a poc, la protagonista planeja el crim perfecte. I fins que el seu fill no troba el diari, ning\u00fa sospita dels seus plans ni com els va portar a terme.<\/p>\n","protected":false},"excerpt":{"rendered":"<p>Avui recomanem un llibre per adults, T\u2019imagines la vida sense ell?.&hellip;  <a href=\"https:\/\/agora.xtec.cat\/ceippractiques2-lleida\/general\/la-biblioteca-recomana\/\" title=\"Read La Biblioteca recomana\">Llegeix m\u00e9s\u00bb<\/a><\/p>\n","protected":false},"author":1,"featured_media":0,"comment_status":"open","ping_status":"closed","sticky":false,"template":"","format":"standard","meta":{"_bbp_topic_count":0,"_bbp_reply_count":0,"_bbp_total_topic_count":0,"_bbp_total_reply_count":0,"_bbp_voice_count":0,"_bbp_anonymous_reply_count":0,"_bbp_topic_count_hidden":0,"_bbp_reply_count_hidden":0,"_bbp_forum_subforum_count":0,"footnotes":""},"categories":[1],"tags":[],"class_list":["post-3565","post","type-post","status-publish","format-standard","hentry","category-general"],"post_mailing_queue_ids":[],"_links":{"self":[{"href":"https:\/\/agora.xtec.cat\/ceippractiques2-lleida\/wp-json\/wp\/v2\/posts\/3565","targetHints":{"allow":["GET"]}}],"collection":[{"href":"https:\/\/agora.xtec.cat\/ceippractiques2-lleida\/wp-json\/wp\/v2\/posts"}],"about":[{"href":"https:\/\/agora.xtec.cat\/ceippractiques2-lleida\/wp-json\/wp\/v2\/types\/post"}],"author":[{"embeddable":true,"href":"https:\/\/agora.xtec.cat\/ceippractiques2-lleida\/wp-json\/wp\/v2\/users\/1"}],"replies":[{"embeddable":true,"href":"https:\/\/agora.xtec.cat\/ceippractiques2-lleida\/wp-json\/wp\/v2\/comments?post=3565"}],"version-history":[{"count":1,"href":"https:\/\/agora.xtec.cat\/ceippractiques2-lleida\/wp-json\/wp\/v2\/posts\/3565\/revisions"}],"predecessor-version":[{"id":3567,"href":"https:\/\/agora.xtec.cat\/ceippractiques2-lleida\/wp-json\/wp\/v2\/posts\/3565\/revisions\/3567"}],"wp:attachment":[{"href":"https:\/\/agora.xtec.cat\/ceippractiques2-lleida\/wp-json\/wp\/v2\/media?parent=3565"}],"wp:term":[{"taxonomy":"category","embeddable":true,"href":"https:\/\/agora.xtec.cat\/ceippractiques2-lleida\/wp-json\/wp\/v2\/categories?post=3565"},{"taxonomy":"post_tag","embeddable":true,"href":"https:\/\/agora.xtec.cat\/ceippractiques2-lleida\/wp-json\/wp\/v2\/tags?post=3565"}],"curies":[{"name":"wp","href":"https:\/\/api.w.org\/{rel}","templated":true}]}}