{"id":3556,"date":"2019-11-13T16:06:27","date_gmt":"2019-11-13T15:06:27","guid":{"rendered":"http:\/\/agora.xtec.cat\/ceippractiques2-lleida\/?p=3556"},"modified":"2019-11-13T16:24:09","modified_gmt":"2019-11-13T15:24:09","slug":"som-aixi-una-historia-del-banyetes","status":"publish","type":"post","link":"https:\/\/agora.xtec.cat\/ceippractiques2-lleida\/general\/som-aixi-una-historia-del-banyetes\/","title":{"rendered":"SOM AIX\u00cd! Una hist\u00f2ria del Banyetes"},"content":{"rendered":"<p>El dijous 7 de novembre hem anat a l\u2019Escorxador a veure un musical del Banyetes i els seus amics titulada \u201cSom aix\u00ed\u201d. La hist\u00f2ria tracta del mateix Banyetes, el Plut\u00f3 i l\u2019Eureka que intenten evitar que el Geltot i la Telestra conquereixin el planeta Terra. Durant aquesta aventura descobriran que no s\u2019ha de tenir por a ser diferents perqu\u00e8 aix\u00f2 ens fa ser \u00fanics i valuosos. Una hist\u00f2ria molt bonica plena de valors i de m\u00fasica. Ens ha agradat molt!<a href=\"https:\/\/drive.google.com\/drive\/folders\/1P0R7DQsrp7q5z8x7x2wmsHFUVdBwb6Ku?usp=sharing\"><img loading=\"lazy\" decoding=\"async\" class=\"aligncenter wp-image-3558\" src=\"https:\/\/agora.xtec.cat\/ceippractiques2-lleida\/wp-content\/uploads\/usu635\/2019\/11\/2018-11-10-i-11-som-aixi-1-805x1024.jpg\" alt=\"\" width=\"402\" height=\"511\" srcset=\"https:\/\/agora.xtec.cat\/ceippractiques2-lleida\/wp-content\/uploads\/usu635\/2019\/11\/2018-11-10-i-11-som-aixi-1-805x1024.jpg 805w, https:\/\/agora.xtec.cat\/ceippractiques2-lleida\/wp-content\/uploads\/usu635\/2019\/11\/2018-11-10-i-11-som-aixi-1-236x300.jpg 236w, https:\/\/agora.xtec.cat\/ceippractiques2-lleida\/wp-content\/uploads\/usu635\/2019\/11\/2018-11-10-i-11-som-aixi-1-768x977.jpg 768w, https:\/\/agora.xtec.cat\/ceippractiques2-lleida\/wp-content\/uploads\/usu635\/2019\/11\/2018-11-10-i-11-som-aixi-1.jpg 1484w\" sizes=\"auto, (max-width: 402px) 100vw, 402px\" \/><\/a><\/p>\n","protected":false},"excerpt":{"rendered":"<p>El dijous 7 de novembre hem anat a l\u2019Escorxador a veure un musical del Banyetes i els seus amics titulada \u201cSom aix\u00ed\u201d. La hist\u00f2ria tracta del mateix Banyetes, el Plut\u00f3 i l\u2019Eureka que intenten evitar que el Geltot i la Telestra conquereixin el planeta Terra.&hellip;  <a href=\"https:\/\/agora.xtec.cat\/ceippractiques2-lleida\/general\/som-aixi-una-historia-del-banyetes\/\" title=\"Read SOM AIX\u00cd! Una hist\u00f2ria del Banyetes\">Llegeix m\u00e9s\u00bb<\/a><\/p>\n","protected":false},"author":1,"featured_media":0,"comment_status":"open","ping_status":"closed","sticky":false,"template":"","format":"standard","meta":{"_bbp_topic_count":0,"_bbp_reply_count":0,"_bbp_total_topic_count":0,"_bbp_total_reply_count":0,"_bbp_voice_count":0,"_bbp_anonymous_reply_count":0,"_bbp_topic_count_hidden":0,"_bbp_reply_count_hidden":0,"_bbp_forum_subforum_count":0,"footnotes":""},"categories":[10,11,1,4],"tags":[],"class_list":["post-3556","post","type-post","status-publish","format-standard","hentry","category-1r","category-2n","category-general","category-portada"],"post_mailing_queue_ids":[],"_links":{"self":[{"href":"https:\/\/agora.xtec.cat\/ceippractiques2-lleida\/wp-json\/wp\/v2\/posts\/3556","targetHints":{"allow":["GET"]}}],"collection":[{"href":"https:\/\/agora.xtec.cat\/ceippractiques2-lleida\/wp-json\/wp\/v2\/posts"}],"about":[{"href":"https:\/\/agora.xtec.cat\/ceippractiques2-lleida\/wp-json\/wp\/v2\/types\/post"}],"author":[{"embeddable":true,"href":"https:\/\/agora.xtec.cat\/ceippractiques2-lleida\/wp-json\/wp\/v2\/users\/1"}],"replies":[{"embeddable":true,"href":"https:\/\/agora.xtec.cat\/ceippractiques2-lleida\/wp-json\/wp\/v2\/comments?post=3556"}],"version-history":[{"count":1,"href":"https:\/\/agora.xtec.cat\/ceippractiques2-lleida\/wp-json\/wp\/v2\/posts\/3556\/revisions"}],"predecessor-version":[{"id":3559,"href":"https:\/\/agora.xtec.cat\/ceippractiques2-lleida\/wp-json\/wp\/v2\/posts\/3556\/revisions\/3559"}],"wp:attachment":[{"href":"https:\/\/agora.xtec.cat\/ceippractiques2-lleida\/wp-json\/wp\/v2\/media?parent=3556"}],"wp:term":[{"taxonomy":"category","embeddable":true,"href":"https:\/\/agora.xtec.cat\/ceippractiques2-lleida\/wp-json\/wp\/v2\/categories?post=3556"},{"taxonomy":"post_tag","embeddable":true,"href":"https:\/\/agora.xtec.cat\/ceippractiques2-lleida\/wp-json\/wp\/v2\/tags?post=3556"}],"curies":[{"name":"wp","href":"https:\/\/api.w.org\/{rel}","templated":true}]}}