{"id":3462,"date":"2019-10-02T16:16:23","date_gmt":"2019-10-02T14:16:23","guid":{"rendered":"http:\/\/agora.xtec.cat\/ceippractiques2-lleida\/?p=3462"},"modified":"2019-10-02T16:16:23","modified_gmt":"2019-10-02T14:16:23","slug":"la-princesa-cuinera","status":"publish","type":"post","link":"https:\/\/agora.xtec.cat\/ceippractiques2-lleida\/general\/la-princesa-cuinera\/","title":{"rendered":"LA PRINCESA CUINERA"},"content":{"rendered":"<p><span style=\"font-weight: 400;\">El passat dimecres 25 de setembre, l\u2019alumnat de 2n de l\u2019escola va assistir a l\u2019espectacle de <\/span><b><i>\u201cLa princesa cuinera\u201d<\/i><\/b><span style=\"font-weight: 400;\"> a l\u2019Escorxador de Lleida. Una activitat patrocinada pel consell catal\u00e0 de producci\u00f3 integrada i el consell regulador de la denominaci\u00f3 d\u2019origen protegida Pera de Lleida; i que pret\u00e9n promocionar el consum de fruita entre la poblaci\u00f3 m\u00e9s jove aix\u00ed com h\u00e0bits d\u2019alimentaci\u00f3 saludable.<\/span> <span style=\"font-weight: 400;\">En acabar l\u2019espectacle teatral, l\u2019alumnat va poder elaborar un petit taller de cuina on la Pera de Lleida va ser la protagonista de la recepta. En acabar, van poder degustar les diferents receptes elaborades pels propis alumnes i van rebre un obsequi d\u2019un llibre amb t\u00edtol de l\u2019activitat i tot de receptes per elaborar a casa.\u00a0<\/span><\/p>\n<p><a href=\"https:\/\/drive.google.com\/drive\/folders\/1OX_7hcqlyXv_Wa_fCapgwGvkKA5324fY?usp=sharing\"><img loading=\"lazy\" decoding=\"async\" class=\"alignnone wp-image-3463 size-large\" src=\"https:\/\/agora.xtec.cat\/ceippractiques2-lleida\/wp-content\/uploads\/usu635\/2019\/10\/PRINCESA-1024x642.jpg\" alt=\"\" width=\"1024\" height=\"642\" srcset=\"https:\/\/agora.xtec.cat\/ceippractiques2-lleida\/wp-content\/uploads\/usu635\/2019\/10\/PRINCESA-1024x642.jpg 1024w, https:\/\/agora.xtec.cat\/ceippractiques2-lleida\/wp-content\/uploads\/usu635\/2019\/10\/PRINCESA-300x188.jpg 300w, https:\/\/agora.xtec.cat\/ceippractiques2-lleida\/wp-content\/uploads\/usu635\/2019\/10\/PRINCESA-768x482.jpg 768w\" sizes=\"auto, (max-width: 1024px) 100vw, 1024px\" \/><\/a><\/p>\n","protected":false},"excerpt":{"rendered":"<p>El passat dimecres 25 de setembre, l\u2019alumnat de 2n de l\u2019escola va assistir a l\u2019espectacle de \u201cLa princesa cuinera\u201d a l\u2019Escorxador de Lleida. Una activitat patrocinada pel consell catal\u00e0 de producci\u00f3 integrada i el consell regulador de la denominaci\u00f3 d\u2019origen protegida Pera de Lleida; i&hellip;  <a href=\"https:\/\/agora.xtec.cat\/ceippractiques2-lleida\/general\/la-princesa-cuinera\/\" title=\"Read LA PRINCESA CUINERA\">Llegeix m\u00e9s\u00bb<\/a><\/p>\n","protected":false},"author":1,"featured_media":0,"comment_status":"open","ping_status":"closed","sticky":false,"template":"","format":"standard","meta":{"_bbp_topic_count":0,"_bbp_reply_count":0,"_bbp_total_topic_count":0,"_bbp_total_reply_count":0,"_bbp_voice_count":0,"_bbp_anonymous_reply_count":0,"_bbp_topic_count_hidden":0,"_bbp_reply_count_hidden":0,"_bbp_forum_subforum_count":0,"footnotes":""},"categories":[11,1,4],"tags":[],"class_list":["post-3462","post","type-post","status-publish","format-standard","hentry","category-2n","category-general","category-portada"],"post_mailing_queue_ids":[],"_links":{"self":[{"href":"https:\/\/agora.xtec.cat\/ceippractiques2-lleida\/wp-json\/wp\/v2\/posts\/3462","targetHints":{"allow":["GET"]}}],"collection":[{"href":"https:\/\/agora.xtec.cat\/ceippractiques2-lleida\/wp-json\/wp\/v2\/posts"}],"about":[{"href":"https:\/\/agora.xtec.cat\/ceippractiques2-lleida\/wp-json\/wp\/v2\/types\/post"}],"author":[{"embeddable":true,"href":"https:\/\/agora.xtec.cat\/ceippractiques2-lleida\/wp-json\/wp\/v2\/users\/1"}],"replies":[{"embeddable":true,"href":"https:\/\/agora.xtec.cat\/ceippractiques2-lleida\/wp-json\/wp\/v2\/comments?post=3462"}],"version-history":[{"count":2,"href":"https:\/\/agora.xtec.cat\/ceippractiques2-lleida\/wp-json\/wp\/v2\/posts\/3462\/revisions"}],"predecessor-version":[{"id":3465,"href":"https:\/\/agora.xtec.cat\/ceippractiques2-lleida\/wp-json\/wp\/v2\/posts\/3462\/revisions\/3465"}],"wp:attachment":[{"href":"https:\/\/agora.xtec.cat\/ceippractiques2-lleida\/wp-json\/wp\/v2\/media?parent=3462"}],"wp:term":[{"taxonomy":"category","embeddable":true,"href":"https:\/\/agora.xtec.cat\/ceippractiques2-lleida\/wp-json\/wp\/v2\/categories?post=3462"},{"taxonomy":"post_tag","embeddable":true,"href":"https:\/\/agora.xtec.cat\/ceippractiques2-lleida\/wp-json\/wp\/v2\/tags?post=3462"}],"curies":[{"name":"wp","href":"https:\/\/api.w.org\/{rel}","templated":true}]}}