{"id":3459,"date":"2019-07-01T15:09:51","date_gmt":"2019-07-01T13:09:51","guid":{"rendered":"http:\/\/agora.xtec.cat\/ceippractiques2-lleida\/?p=3459"},"modified":"2019-09-16T15:17:13","modified_gmt":"2019-09-16T13:17:13","slug":"fi-de-curs-6e","status":"publish","type":"post","link":"https:\/\/agora.xtec.cat\/ceippractiques2-lleida\/portada\/fi-de-curs-6e\/","title":{"rendered":"Fi de curs 6\u00e8"},"content":{"rendered":"<p>Us deixem l&#8217;enlla\u00e7 on podeu veure les actuacions de l&#8217;alumnat de sis\u00e8 el darrer dia de curs.<\/p>\n<p>Feu clic al numeret i podreu accedir als v\u00eddeos.<\/p>\n<p><a href=\"https:\/\/drive.google.com\/open?id=129Bbm4C3NUhaGJKdK_CKF2-_qEi787qf\"><img loading=\"lazy\" decoding=\"async\" class=\"alignnone wp-image-3460\" src=\"https:\/\/agora.xtec.cat\/ceippractiques2-lleida\/wp-content\/uploads\/usu635\/2019\/09\/ob_189659_859-nb-number-6-798x1024.jpg\" alt=\"Feu clic\" width=\"282\" height=\"362\" srcset=\"https:\/\/agora.xtec.cat\/ceippractiques2-lleida\/wp-content\/uploads\/usu635\/2019\/09\/ob_189659_859-nb-number-6.jpg 798w, https:\/\/agora.xtec.cat\/ceippractiques2-lleida\/wp-content\/uploads\/usu635\/2019\/09\/ob_189659_859-nb-number-6-234x300.jpg 234w, https:\/\/agora.xtec.cat\/ceippractiques2-lleida\/wp-content\/uploads\/usu635\/2019\/09\/ob_189659_859-nb-number-6-768x986.jpg 768w\" sizes=\"auto, (max-width: 282px) 100vw, 282px\" \/><\/a><\/p>\n","protected":false},"excerpt":{"rendered":"<p>Us deixem l&#8217;enlla\u00e7 on podeu veure les actuacions de l&#8217;alumnat de sis\u00e8 el darrer dia de curs.<br \/>\nFeu clic al numeret i podreu accedir als v\u00eddeos.<br \/>\n<a href=\"https:\/\/drive.google.com\/open?id=129Bbm4C3NUhaGJKdK_CKF2-_qEi787qf\"><\/a><\/p>\n","protected":false},"author":1,"featured_media":0,"comment_status":"open","ping_status":"closed","sticky":false,"template":"","format":"standard","meta":{"_bbp_topic_count":0,"_bbp_reply_count":0,"_bbp_total_topic_count":0,"_bbp_total_reply_count":0,"_bbp_voice_count":0,"_bbp_anonymous_reply_count":0,"_bbp_topic_count_hidden":0,"_bbp_reply_count_hidden":0,"_bbp_forum_subforum_count":0,"footnotes":""},"categories":[15,4],"tags":[122,104,121,79],"class_list":["post-3459","post","type-post","status-publish","format-standard","hentry","category-6e","category-portada","tag-actuacions","tag-danses","tag-festival","tag-sise"],"post_mailing_queue_ids":[],"_links":{"self":[{"href":"https:\/\/agora.xtec.cat\/ceippractiques2-lleida\/wp-json\/wp\/v2\/posts\/3459","targetHints":{"allow":["GET"]}}],"collection":[{"href":"https:\/\/agora.xtec.cat\/ceippractiques2-lleida\/wp-json\/wp\/v2\/posts"}],"about":[{"href":"https:\/\/agora.xtec.cat\/ceippractiques2-lleida\/wp-json\/wp\/v2\/types\/post"}],"author":[{"embeddable":true,"href":"https:\/\/agora.xtec.cat\/ceippractiques2-lleida\/wp-json\/wp\/v2\/users\/1"}],"replies":[{"embeddable":true,"href":"https:\/\/agora.xtec.cat\/ceippractiques2-lleida\/wp-json\/wp\/v2\/comments?post=3459"}],"version-history":[{"count":1,"href":"https:\/\/agora.xtec.cat\/ceippractiques2-lleida\/wp-json\/wp\/v2\/posts\/3459\/revisions"}],"predecessor-version":[{"id":3461,"href":"https:\/\/agora.xtec.cat\/ceippractiques2-lleida\/wp-json\/wp\/v2\/posts\/3459\/revisions\/3461"}],"wp:attachment":[{"href":"https:\/\/agora.xtec.cat\/ceippractiques2-lleida\/wp-json\/wp\/v2\/media?parent=3459"}],"wp:term":[{"taxonomy":"category","embeddable":true,"href":"https:\/\/agora.xtec.cat\/ceippractiques2-lleida\/wp-json\/wp\/v2\/categories?post=3459"},{"taxonomy":"post_tag","embeddable":true,"href":"https:\/\/agora.xtec.cat\/ceippractiques2-lleida\/wp-json\/wp\/v2\/tags?post=3459"}],"curies":[{"name":"wp","href":"https:\/\/api.w.org\/{rel}","templated":true}]}}