{"id":3410,"date":"2019-05-22T09:53:45","date_gmt":"2019-05-22T07:53:45","guid":{"rendered":"http:\/\/agora.xtec.cat\/ceippractiques2-lleida\/?p=3410"},"modified":"2019-05-22T09:53:45","modified_gmt":"2019-05-22T07:53:45","slug":"colonies-a-calafell","status":"publish","type":"post","link":"https:\/\/agora.xtec.cat\/ceippractiques2-lleida\/portada\/colonies-a-calafell\/","title":{"rendered":"Col\u00f2nies a Calafell"},"content":{"rendered":"<p>Els dies 20 i 21 de maig, els alumnes de cicle mitj\u00e0 hem anat a la Casa de Col\u00f2nies Artur Martorell de Calafell.<\/p>\n<p>En aquests dos dies hem fet tot un seguit d&#8217;activitats relacionades amb la cultura ib\u00e8rica i el poble \u00edber. Hem visitat la Ciutadella ib\u00e8rica de Calafell, hem fet una gimcana dels \u00edbers, ens hem despla\u00e7at a la platja per fer una activitat de descoberta i, el millor de tot, hem fet uns jocs de nit espectaculars dins del marc incomparable de la casa de col\u00f2nies.<\/p>\n<p>Us deixem l&#8217;enlla\u00e7 a la galeria de fotos. <strong><span style=\"color: #ff0000;\">Feu clic a la foto per veure la resta d&#8217;imatges<\/span><\/strong><\/p>\n<p><a href=\"https:\/\/drive.google.com\/drive\/folders\/1-n6wZd8lpo1TG8qau18BXKCoWOvUMNEM?usp=sharing\"><img loading=\"lazy\" decoding=\"async\" class=\"alignnone size-large wp-image-3411\" src=\"https:\/\/agora.xtec.cat\/ceippractiques2-lleida\/wp-content\/uploads\/usu635\/2019\/05\/IMG_1550-1024x768.jpg\" alt=\"\" width=\"1024\" height=\"768\" srcset=\"https:\/\/agora.xtec.cat\/ceippractiques2-lleida\/wp-content\/uploads\/usu635\/2019\/05\/IMG_1550-1024x768.jpg 1024w, https:\/\/agora.xtec.cat\/ceippractiques2-lleida\/wp-content\/uploads\/usu635\/2019\/05\/IMG_1550-300x225.jpg 300w, https:\/\/agora.xtec.cat\/ceippractiques2-lleida\/wp-content\/uploads\/usu635\/2019\/05\/IMG_1550-768x576.jpg 768w, https:\/\/agora.xtec.cat\/ceippractiques2-lleida\/wp-content\/uploads\/usu635\/2019\/05\/IMG_1550-200x150.jpg 200w, https:\/\/agora.xtec.cat\/ceippractiques2-lleida\/wp-content\/uploads\/usu635\/2019\/05\/IMG_1550.jpg 2048w\" sizes=\"auto, (max-width: 1024px) 100vw, 1024px\" \/><\/a><\/p>\n","protected":false},"excerpt":{"rendered":"<p>Els dies 20 i 21 de maig, els alumnes de cicle mitj\u00e0 hem anat a la Casa de Col\u00f2nies Artur Martorell de Calafell.<br \/>\nEn aquests dos dies hem fet tot un seguit d&#8217;activitats relacionades amb la cultura ib\u00e8rica i el poble \u00edber. Hem visitat la Ciutadella&hellip;  <a href=\"https:\/\/agora.xtec.cat\/ceippractiques2-lleida\/portada\/colonies-a-calafell\/\" title=\"Read Col\u00f2nies a Calafell\">Llegeix m\u00e9s\u00bb<\/a><\/p>\n","protected":false},"author":1,"featured_media":0,"comment_status":"open","ping_status":"closed","sticky":false,"template":"","format":"standard","meta":{"_bbp_topic_count":0,"_bbp_reply_count":0,"_bbp_total_topic_count":0,"_bbp_total_reply_count":0,"_bbp_voice_count":0,"_bbp_anonymous_reply_count":0,"_bbp_topic_count_hidden":0,"_bbp_reply_count_hidden":0,"_bbp_forum_subforum_count":0,"footnotes":""},"categories":[12,13,4],"tags":[115,66,114,116,117],"class_list":["post-3410","post","type-post","status-publish","format-standard","hentry","category-3r","category-4t","category-portada","tag-calafell","tag-cicle-mitja","tag-colonies","tag-mar","tag-platja"],"post_mailing_queue_ids":[],"_links":{"self":[{"href":"https:\/\/agora.xtec.cat\/ceippractiques2-lleida\/wp-json\/wp\/v2\/posts\/3410","targetHints":{"allow":["GET"]}}],"collection":[{"href":"https:\/\/agora.xtec.cat\/ceippractiques2-lleida\/wp-json\/wp\/v2\/posts"}],"about":[{"href":"https:\/\/agora.xtec.cat\/ceippractiques2-lleida\/wp-json\/wp\/v2\/types\/post"}],"author":[{"embeddable":true,"href":"https:\/\/agora.xtec.cat\/ceippractiques2-lleida\/wp-json\/wp\/v2\/users\/1"}],"replies":[{"embeddable":true,"href":"https:\/\/agora.xtec.cat\/ceippractiques2-lleida\/wp-json\/wp\/v2\/comments?post=3410"}],"version-history":[{"count":1,"href":"https:\/\/agora.xtec.cat\/ceippractiques2-lleida\/wp-json\/wp\/v2\/posts\/3410\/revisions"}],"predecessor-version":[{"id":3412,"href":"https:\/\/agora.xtec.cat\/ceippractiques2-lleida\/wp-json\/wp\/v2\/posts\/3410\/revisions\/3412"}],"wp:attachment":[{"href":"https:\/\/agora.xtec.cat\/ceippractiques2-lleida\/wp-json\/wp\/v2\/media?parent=3410"}],"wp:term":[{"taxonomy":"category","embeddable":true,"href":"https:\/\/agora.xtec.cat\/ceippractiques2-lleida\/wp-json\/wp\/v2\/categories?post=3410"},{"taxonomy":"post_tag","embeddable":true,"href":"https:\/\/agora.xtec.cat\/ceippractiques2-lleida\/wp-json\/wp\/v2\/tags?post=3410"}],"curies":[{"name":"wp","href":"https:\/\/api.w.org\/{rel}","templated":true}]}}