{"id":3326,"date":"2019-04-10T09:30:30","date_gmt":"2019-04-10T07:30:30","guid":{"rendered":"http:\/\/agora.xtec.cat\/ceippractiques2-lleida\/?p=3326"},"modified":"2019-04-10T09:30:30","modified_gmt":"2019-04-10T07:30:30","slug":"dia-mundial-del-patrimoni","status":"publish","type":"post","link":"https:\/\/agora.xtec.cat\/ceippractiques2-lleida\/general\/dia-mundial-del-patrimoni\/","title":{"rendered":"Dia mundial del Patrimoni"},"content":{"rendered":"<p lang=\"ca-ES\">Els nois i noies de 5\u00e8 van pujar a la Seu Vella el dia 28 de mar\u00e7 per celebrar el Dia del Patrimoni. Van compartir el mat\u00ed amb els companys i companyes que formen part de les Escoles Associades a la UNESCO. Es van portar a terme diferents tallers art\u00edstics &#8211; l\u00fadics organitzats pels alumnes i professors de l\u2019Institut Ronda.<\/p>\n<p><span lang=\"ca-ES\">Volem agrair-los la seva feina i dir-los que esperem retrobar-nos l\u2019any vinent. Gr\u00e0cies.<\/span><\/p>\n<p>&nbsp;<\/p>\n\n","protected":false},"excerpt":{"rendered":"<p>Els nois i noies de 5\u00e8 van pujar a la Seu Vella el dia 28 de mar\u00e7 per celebrar el Dia del Patrimoni. Van compartir el mat\u00ed amb els companys i companyes que formen part de les Escoles Associades a la UNESCO. Es van portar&hellip;  <a href=\"https:\/\/agora.xtec.cat\/ceippractiques2-lleida\/general\/dia-mundial-del-patrimoni\/\" title=\"Read Dia mundial del Patrimoni\">Llegeix m\u00e9s\u00bb<\/a><\/p>\n","protected":false},"author":10,"featured_media":0,"comment_status":"open","ping_status":"closed","sticky":false,"template":"","format":"standard","meta":{"_bbp_topic_count":0,"_bbp_reply_count":0,"_bbp_total_topic_count":0,"_bbp_total_reply_count":0,"_bbp_voice_count":0,"_bbp_anonymous_reply_count":0,"_bbp_topic_count_hidden":0,"_bbp_reply_count_hidden":0,"_bbp_forum_subforum_count":0,"footnotes":""},"categories":[14,15,1,4],"tags":[],"class_list":["post-3326","post","type-post","status-publish","format-standard","hentry","category-5e","category-6e","category-general","category-portada"],"post_mailing_queue_ids":[],"_links":{"self":[{"href":"https:\/\/agora.xtec.cat\/ceippractiques2-lleida\/wp-json\/wp\/v2\/posts\/3326","targetHints":{"allow":["GET"]}}],"collection":[{"href":"https:\/\/agora.xtec.cat\/ceippractiques2-lleida\/wp-json\/wp\/v2\/posts"}],"about":[{"href":"https:\/\/agora.xtec.cat\/ceippractiques2-lleida\/wp-json\/wp\/v2\/types\/post"}],"author":[{"embeddable":true,"href":"https:\/\/agora.xtec.cat\/ceippractiques2-lleida\/wp-json\/wp\/v2\/users\/10"}],"replies":[{"embeddable":true,"href":"https:\/\/agora.xtec.cat\/ceippractiques2-lleida\/wp-json\/wp\/v2\/comments?post=3326"}],"version-history":[{"count":2,"href":"https:\/\/agora.xtec.cat\/ceippractiques2-lleida\/wp-json\/wp\/v2\/posts\/3326\/revisions"}],"predecessor-version":[{"id":3330,"href":"https:\/\/agora.xtec.cat\/ceippractiques2-lleida\/wp-json\/wp\/v2\/posts\/3326\/revisions\/3330"}],"wp:attachment":[{"href":"https:\/\/agora.xtec.cat\/ceippractiques2-lleida\/wp-json\/wp\/v2\/media?parent=3326"}],"wp:term":[{"taxonomy":"category","embeddable":true,"href":"https:\/\/agora.xtec.cat\/ceippractiques2-lleida\/wp-json\/wp\/v2\/categories?post=3326"},{"taxonomy":"post_tag","embeddable":true,"href":"https:\/\/agora.xtec.cat\/ceippractiques2-lleida\/wp-json\/wp\/v2\/tags?post=3326"}],"curies":[{"name":"wp","href":"https:\/\/api.w.org\/{rel}","templated":true}]}}