{"id":3323,"date":"2019-03-29T21:21:24","date_gmt":"2019-03-29T20:21:24","guid":{"rendered":"http:\/\/agora.xtec.cat\/ceippractiques2-lleida\/?p=3323"},"modified":"2019-04-08T21:37:44","modified_gmt":"2019-04-08T19:37:44","slug":"els-viatges-dalbert-ketelbey","status":"publish","type":"post","link":"https:\/\/agora.xtec.cat\/ceippractiques2-lleida\/portada\/els-viatges-dalbert-ketelbey\/","title":{"rendered":"Els viatges d&#8217;Albert Ketelbey"},"content":{"rendered":"<p>Amb imaginaci\u00f3, un bon compositor i la seva m\u00fasica, podem con\u00e8ixer cultures diferents a la nostra.<\/p>\n<p>El passat 27 de mar\u00e7, els alumnes de 3r ens vam despla\u00e7ar a l&#8217;auditori per escoltar diferents obres musicals del compositor angl\u00e8s Albert William Ketelbey.<\/p>\n<p><a href=\"https:\/\/drive.google.com\/drive\/folders\/1-J8ZcwVRhku8Hfjazk9-JJYqY6N_fz19?usp=sharing\">Feu clic per veure les imatges<\/a><\/p>\n","protected":false},"excerpt":{"rendered":"<p>Amb imaginaci\u00f3, un bon compositor i la seva m\u00fasica, podem con\u00e8ixer cultures diferents a la nostra.<br \/>\nEl passat 27 de mar\u00e7, els alumnes de 3r ens vam despla\u00e7ar a l&#8217;auditori per escoltar diferents obres musicals del compositor angl\u00e8s Albert William Ketelbey.<br \/>\n<a href=\"https:\/\/drive.google.com\/drive\/folders\/1-J8ZcwVRhku8Hfjazk9-JJYqY6N_fz19?usp=sharing\">Feu clic per veure les&hellip;  <a href=\"https:\/\/agora.xtec.cat\/ceippractiques2-lleida\/portada\/els-viatges-dalbert-ketelbey\/\" title=\"Read Els viatges d&#8217;Albert Ketelbey\">Llegeix m\u00e9s\u00bb<\/a><\/p>\n","protected":false},"author":1,"featured_media":0,"comment_status":"open","ping_status":"closed","sticky":false,"template":"","format":"standard","meta":{"_bbp_topic_count":0,"_bbp_reply_count":0,"_bbp_total_topic_count":0,"_bbp_total_reply_count":0,"_bbp_voice_count":0,"_bbp_anonymous_reply_count":0,"_bbp_topic_count_hidden":0,"_bbp_reply_count_hidden":0,"_bbp_forum_subforum_count":0,"footnotes":""},"categories":[12,4],"tags":[99,98,71,72],"class_list":["post-3323","post","type-post","status-publish","format-standard","hentry","category-3r","category-portada","tag-auditori","tag-musica","tag-sortida","tag-tercer"],"post_mailing_queue_ids":[],"_links":{"self":[{"href":"https:\/\/agora.xtec.cat\/ceippractiques2-lleida\/wp-json\/wp\/v2\/posts\/3323","targetHints":{"allow":["GET"]}}],"collection":[{"href":"https:\/\/agora.xtec.cat\/ceippractiques2-lleida\/wp-json\/wp\/v2\/posts"}],"about":[{"href":"https:\/\/agora.xtec.cat\/ceippractiques2-lleida\/wp-json\/wp\/v2\/types\/post"}],"author":[{"embeddable":true,"href":"https:\/\/agora.xtec.cat\/ceippractiques2-lleida\/wp-json\/wp\/v2\/users\/1"}],"replies":[{"embeddable":true,"href":"https:\/\/agora.xtec.cat\/ceippractiques2-lleida\/wp-json\/wp\/v2\/comments?post=3323"}],"version-history":[{"count":2,"href":"https:\/\/agora.xtec.cat\/ceippractiques2-lleida\/wp-json\/wp\/v2\/posts\/3323\/revisions"}],"predecessor-version":[{"id":3325,"href":"https:\/\/agora.xtec.cat\/ceippractiques2-lleida\/wp-json\/wp\/v2\/posts\/3323\/revisions\/3325"}],"wp:attachment":[{"href":"https:\/\/agora.xtec.cat\/ceippractiques2-lleida\/wp-json\/wp\/v2\/media?parent=3323"}],"wp:term":[{"taxonomy":"category","embeddable":true,"href":"https:\/\/agora.xtec.cat\/ceippractiques2-lleida\/wp-json\/wp\/v2\/categories?post=3323"},{"taxonomy":"post_tag","embeddable":true,"href":"https:\/\/agora.xtec.cat\/ceippractiques2-lleida\/wp-json\/wp\/v2\/tags?post=3323"}],"curies":[{"name":"wp","href":"https:\/\/api.w.org\/{rel}","templated":true}]}}