{"id":3295,"date":"2019-04-08T17:19:59","date_gmt":"2019-04-08T15:19:59","guid":{"rendered":"http:\/\/agora.xtec.cat\/ceippractiques2-lleida\/?p=3295"},"modified":"2019-04-08T17:20:18","modified_gmt":"2019-04-08T15:20:18","slug":"recomanacions-per-sant-jordi-4","status":"publish","type":"post","link":"https:\/\/agora.xtec.cat\/ceippractiques2-lleida\/general\/recomanacions-per-sant-jordi-4\/","title":{"rendered":"RECOMANACIONS PER SANT JORDI 4"},"content":{"rendered":"<p><img loading=\"lazy\" decoding=\"async\" class=\"alignnone \" src=\"https:\/\/www.blackiebooks.org\/wp-content\/uploads\/2019\/02\/Cinc-minuts-mes_3D.jpg\" width=\"180\" height=\"281\" \/><img loading=\"lazy\" decoding=\"async\" class=\"alignnone \" src=\"https:\/\/static.serlogal.com\/imagenes_big\/9788424\/978842466384.JPG\" width=\"162\" height=\"253\" \/><img loading=\"lazy\" decoding=\"async\" class=\"alignnone \" src=\"https:\/\/static.megustaleer.com\/images\/libros_200_x\/EAL51732.jpg\" width=\"173\" height=\"250\" \/><img loading=\"lazy\" decoding=\"async\" class=\"alignnone \" src=\"https:\/\/www.combeleditorial.com\/cache\/f\/e\/d\/5\/a\/fed5af2d4146b075a5e83b0c96402dbdb602c18c.jpeg?v=20170510\" width=\"164\" height=\"240\" \/><img loading=\"lazy\" decoding=\"async\" class=\"alignnone \" src=\"https:\/\/i2.wp.com\/birabiroeditorial.com\/wp-content\/uploads\/2016\/10\/COB_IAIA_400.jpg?w=1080\" width=\"156\" height=\"253\" \/><img loading=\"lazy\" decoding=\"async\" class=\"alignnone \" src=\"http:\/\/baula.com\/wp-content\/uploads\/2018\/07\/158706_Cub_EA1_Billinghurst_Bl-e1532515584585.jpg\" width=\"167\" height=\"245\" \/><a href=\"https:\/\/agora.xtec.cat\/ceippractiques2-lleida\/wp-content\/uploads\/usu635\/2019\/04\/mosaicsllibres_els-minjamitjons-1.jpg\"><img loading=\"lazy\" decoding=\"async\" class=\"alignnone wp-image-3311\" src=\"https:\/\/agora.xtec.cat\/ceippractiques2-lleida\/wp-content\/uploads\/usu635\/2019\/04\/mosaicsllibres_els-minjamitjons-1-715x1024.jpg\" alt=\"\" width=\"161\" height=\"230\" srcset=\"https:\/\/agora.xtec.cat\/ceippractiques2-lleida\/wp-content\/uploads\/usu635\/2019\/04\/mosaicsllibres_els-minjamitjons-1-715x1024.jpg 715w, https:\/\/agora.xtec.cat\/ceippractiques2-lleida\/wp-content\/uploads\/usu635\/2019\/04\/mosaicsllibres_els-minjamitjons-1-209x300.jpg 209w, https:\/\/agora.xtec.cat\/ceippractiques2-lleida\/wp-content\/uploads\/usu635\/2019\/04\/mosaicsllibres_els-minjamitjons-1-768x1100.jpg 768w, https:\/\/agora.xtec.cat\/ceippractiques2-lleida\/wp-content\/uploads\/usu635\/2019\/04\/mosaicsllibres_els-minjamitjons-1.jpg 1237w\" sizes=\"auto, (max-width: 161px) 100vw, 161px\" \/><img loading=\"lazy\" decoding=\"async\" class=\"alignnone \" src=\"https:\/\/www.edicionsdelpirata.cat\/wp-content\/uploads\/2019\/02\/9788417207144.jpg\" width=\"155\" height=\"243\" \/><img loading=\"lazy\" decoding=\"async\" class=\"alignnone size-large\" src=\"http:\/\/www.duomoediciones.com\/clases\/tools\/imgManager.php?url=\/cont\/catalogo\/imagePot\/Cien_pasos_para_volar_FRONTAL_WEB.jpg&amp;width=175\" width=\"175\" height=\"252\" \/><\/a><\/p>\n<p>Continuant amb les les recomanacions per la Diada de Sant Jordi, aquesta setmana \u00e9s la llibreria <a href=\"https:\/\/caselles.com\/index.php\">Caselles<\/a> a Lleida\u00a0 qui ens recomana un grapat de llibres. Ens ha fet molta il\u00b7lusi\u00f3 que volguessin col\u00b7laborar amb nosaltres i els hi agra\u00efm enormement. Com en l&#8217;article anterior trobareu indicat per a quines edats consideren que poden ser interessants aquestes lectures.<\/p>\n<p>Aquesta \u00e9s la seva selecci\u00f3:<\/p>\n<p>&nbsp;<\/p>\n<p><strong><span style=\"color: #cc99ff\">Per comen\u00e7ar amb l&#8217;aventura de llegir <\/span><\/strong>(6\/7 anys):<\/p>\n<p><strong>Cinc minuts m\u00e9s<\/strong><\/p>\n<p>Autora: Marta Alt\u00e9s<\/p>\n<p>Ed. <a href=\"https:\/\/www.blackiebooks.org\/\">Blakie Books<\/a><\/p>\n<p>ISBN: 978-84-17552-10-7<\/p>\n<p>Els nens tenen un concepte del temps molt diferent del dels grans. Per a ells el temps no existeix. Nom\u00e9s existeix gaudir. Per\u00f2 els adults, sempre amb mil coses a fer, amb pressa per tot, mai no s\u2019ocupen de gaudir el temps com ho fan els menuts. Mai no tenim temps per res: jugar, divertir-nos, compartir\u2026 viure!<\/p>\n<p>&nbsp;<\/p>\n<p><strong>Els colibr\u00eds adormits<\/strong><\/p>\n<p>Autora: Anne Booth<\/p>\n<p>Ed. <a href=\"http:\/\/www.lagaleraeditorial.com\/ca\/presentacio\">La Galera<\/a><\/p>\n<p>ISBN: 978-84-24663-84-1<\/p>\n<p>A la Maia li han regalat un llibre nou,\u00a0<i>El Regne M\u00e0gic dels Ocells<\/i>. Quan l&#8217;obre es veu transportada a un lloc meravell\u00f3s, ple d&#8217;ocells magn\u00edfics i fades simp\u00e0tiques. Per\u00f2&#8230; el malvat Lord Astor vol capturar i tancar els habitants m\u00e9s petits del regne: els colibr\u00eds. La Maia haur\u00e0 de v\u00e8ncer les seves pors, si vol ajudar els seus nous amics!<\/p>\n<p>&nbsp;<\/p>\n<p><strong>Ula i Hop Diminuts fan un amic<\/strong><\/p>\n<p>Autor: Eric Lilliput<\/p>\n<p>Ed. <a href=\"https:\/\/www.megustaleer.com\/editoriales\/alfaguara\/AL\">Alfaguara_Me gusta leer<\/a><\/p>\n<p>ISBN: 978-84-2466-384-1<\/p>\n<p>L&#8217;Ula i el Hop s\u00f3n diminuts, uns \u00e9ssers petitons que viuen en secret entre nosaltres. El Dani no sap que la seva nova casa est\u00e0 plena de diminuts, per\u00f2 s&#8217;ensuma que hi passa alguna cosa mooolt estranya! Se senten sorolls, les joguines es desendrecen soles&#8230; i li sembla que ha vist alguna cosa corrent per l&#8217;habitaci\u00f3.<\/p>\n<p>&nbsp;<\/p>\n<p><span style=\"color: #cc99ff\"><strong>Per totes i tots els que ja estan atrapats per la lectura<\/strong><span style=\"color: #000000\"> (8\/9 anys):<\/span><\/span><\/p>\n<p><strong>El tresor perdut (L&#8217;Agus i els monstres).\u00a0<\/strong><\/p>\n<p>Autor: Jaume Copons \/ Il\u00b7lustradora:\u00a0\u00a0Liliana Fortuny<\/p>\n<p><a href=\"https:\/\/www.combeleditorial.com\/ca\/\">Ed. Combe<\/a>l<\/p>\n<p><span style=\"font-family: inherit;font-size: 1em\">ISBN:<b>\u00a0<\/b> 978- 84-9101-412-6<\/span><\/p>\n<p>L\u2019Agus ha d\u2019anar a passar uns dies a casa de l\u2019avi i proposa a la L\u00eddia que l\u2019acompanyi, que s\u2019hi divertiran molt. Per\u00f2 quan hi arriben tot est\u00e0 fet un desastre i veuen l\u2019avi trist i desanimat: resulta que li volen enderrocar la casa i l\u2019avi sospita que estan buscant un tresor&#8230;, el tresor perdut del besavi! I en aquesta aventura coneixer\u00e0s els monstres guanyadors del concurs \u201cDibuixa el teu monstre\u201d!<\/p>\n<p>&nbsp;<\/p>\n<p><strong>La iaia no hi toca.\u00a0<\/strong><\/p>\n<p>Autor: Jos\u00e9 Ignacio Valenzuela\u00a0 \/ Il\u00b7lustrador:\u00a0 Patricio Betteo<\/p>\n<p>Ed. <a href=\"https:\/\/birabiroeditorial.com\/ca\/novetats\/\">Birabiro<\/a><\/p>\n<p>ISBN:<b>\u00a0<\/b> 978-84-16490-32-5<\/p>\n<p>Com diries <b><i>estel <\/i><\/b>sense fer servir paraules com <b><i>rombe <\/i><\/b>o <b><i>paper<\/i><\/b>? Mmm\u2026 Jo, l\u2019\u00fanic que s\u00e9, \u00e9s que la meva iaia no hi toca. Ah, i que t\u00e9 la culpa de tot. S\u00ed, de tot! Sempre hi ha alg\u00fa que t\u00e9 la culpa que ens agradi all\u00f2 que tant ens agrada, o que no ens agradi all\u00f2 que mai no ens ha agradat. El cas \u00e9s que entre el seu pentinat de Darth Vader, la seva obsessi\u00f3 per guayar premis pels poemes que escriu i aquesta mania rid\u00edcula de recitar versos a ple pulm\u00f3 quan baixo de l\u2019autob\u00fas escolar, entre riallades i amb cara de voler desapar\u00e8ixer (nom\u00e9s per obligar-me a entrar r\u00e0pid a casa seva), jo tamb\u00e9 m\u2019estic tornant boig.<\/p>\n<p>&nbsp;<\/p>\n<p><strong>El curi\u00f3s cas del Castell Billinghurst.\u00a0<\/strong><\/p>\n<p>Autor: David Fern\u00e1ndez\u00a0 \/ Il\u00b7lustrador:\u00a0 Albertoyos<\/p>\n<p>Ed. <a href=\"http:\/\/baula.com\/\">Baula<\/a><\/p>\n<p>ISBN:<b>\u00a0<\/b> 978-84-479-3763-9<\/p>\n<p>Per primera vegada, les set pedres precioses m\u00e9s valuoses de tot el m\u00f3n s\u2019exhibeixen al castell Billinghurst. D\u2019una en una, van desapareixent de manera misteriosa. Els nois i noies de l\u2019Escola de Detectius Avant comencen la seva investigaci\u00f3 entre ornit\u00f2poters i aut\u00f2mats, per\u00f2 el cas es complica quan el cap de seguretat del castell els prohibeix d\u2019entrar-hi. Descobriran qui \u00e9s el lladre abans que robi l\u2019\u00faltima de les pedres?<\/p>\n<p>&nbsp;<\/p>\n<p><span style=\"color: #cc99ff\"><strong>Per a qui ja est\u00e0 malalta o malalt de llibres<\/strong><\/span> (10\/11 anys):<\/p>\n<p><strong>Els menjamitjons<\/strong><\/p>\n<p>Autor: Pavel \u0160rut\/ Il\u00b7lustrador: Galina Mikl\u00ednov\u00e1<\/p>\n<p>Ed. <a href=\"http:\/\/www.mosaicsllibres.com\/es\/\">Mosaics Llibres<\/a><\/p>\n<p>ISBN: 978-84-942702-4-6<\/p>\n<p>Molts de nosaltres cada dia al vestir-nos ens topem amb el mateix problema: per m\u00e9s que busquem al calaix nom\u00e9s trobem un mitj\u00f3 de cada parella. Qu\u00e8 o qui \u00e9s el responsable de la desaparici\u00f3 dels mitjons?<\/p>\n<p>Aquest llibre, amb moltes rialles, us donar\u00e0 la resposta&#8230;.<\/p>\n<p>&nbsp;<\/p>\n<p><strong>L&#8217;\u00e0via Pirata<\/strong><\/p>\n<p>Autora: Assumpta Mercader i altres \/ Il\u00b7lustrador: Pepe Palma<\/p>\n<p>Ed.<a href=\"https:\/\/www.edicionsdelpirata.cat\/\"> Edicions del Pirata<\/a><\/p>\n<p>ISBN: 978-84-17207-14-4<\/p>\n<p>La Mariona i en Roger s\u00f3n a punt d\u2019endinsar-se en una incre\u00efble aventura. Quan arriben a la mansi\u00f3 de la seva \u00e0via, descobreixen el secret m\u00e9s ben guardat de la fam\u00edlia: que l\u2019\u00e0via en realitat \u00e9s una pirata! Una novel\u00b7la de pirates, amb molt\u00edssimes il\u00b7lustracions fant\u00e0stiques, que enganxa des de la primera p\u00e0gina i que permet descobrir part de la mitologia de la costa catalana. Una decidida \u00e0via pirata manant a tota una tripulaci\u00f3 de pirates? On ens dur\u00e0 aix\u00f2?<\/p>\n<p>&nbsp;<\/p>\n<p><strong>Cien pasos para volar<\/strong><\/p>\n<p>Autora: Giuseppe Festa\u00a0 \/ Il\u00b7lustrador: Pepe Palma<\/p>\n<p>Ed. <a href=\"http:\/\/www.duomoediciones.com\/cont\/home_es.php\">Duomo ed.<\/a><\/p>\n<p>ISBN: 978-84-17128-15-9<\/p>\n<p>Lucas perdi\u00f3 la vista de ni\u00f1o. Ama la monta\u00f1a donde sus agudos sentidos le muestran un mundo desconocido para los dem\u00e1s. El viento trae perfumes y rumores, que apenas percibimos, pero Lucas los conoce casi mejor que a s\u00ed mismo.<\/p>\n<p>El camino de Lucas se cruza con el de C\u00e9firo, un \u00e1guila secuestrada por unos cazadores furtivos. Todo parece perdido, pero la naturaleza est\u00e1 llena de pistas y es capaz de revelar la verdad a aquellos que saben escuchar y ver con otros ojos.<\/p>\n","protected":false},"excerpt":{"rendered":"<p><a href=\"https:\/\/agora.xtec.cat\/ceippractiques2-lleida\/wp-content\/uploads\/usu635\/2019\/04\/mosaicsllibres_els-minjamitjons-1.jpg\"><\/a><br \/>\nContinuant amb les les recomanacions per la Diada de Sant Jordi, aquesta setmana \u00e9s la llibreria <a href=\"https:\/\/caselles.com\/index.php\">Caselles<\/a> a Lleida\u00a0 qui ens recomana un grapat de llibres. Ens ha fet molta il\u00b7lusi\u00f3 que volguessin col\u00b7laborar amb nosaltres i els hi agra\u00efm enormement. Com en&hellip;  <a href=\"https:\/\/agora.xtec.cat\/ceippractiques2-lleida\/general\/recomanacions-per-sant-jordi-4\/\" title=\"Read RECOMANACIONS PER SANT JORDI 4\">Llegeix m\u00e9s\u00bb<\/a><\/p>\n","protected":false},"author":1,"featured_media":3316,"comment_status":"open","ping_status":"closed","sticky":false,"template":"","format":"standard","meta":{"_bbp_topic_count":0,"_bbp_reply_count":0,"_bbp_total_topic_count":0,"_bbp_total_reply_count":0,"_bbp_voice_count":0,"_bbp_anonymous_reply_count":0,"_bbp_topic_count_hidden":0,"_bbp_reply_count_hidden":0,"_bbp_forum_subforum_count":0,"footnotes":""},"categories":[1],"tags":[],"class_list":["post-3295","post","type-post","status-publish","format-standard","has-post-thumbnail","hentry","category-general"],"post_mailing_queue_ids":[],"_links":{"self":[{"href":"https:\/\/agora.xtec.cat\/ceippractiques2-lleida\/wp-json\/wp\/v2\/posts\/3295","targetHints":{"allow":["GET"]}}],"collection":[{"href":"https:\/\/agora.xtec.cat\/ceippractiques2-lleida\/wp-json\/wp\/v2\/posts"}],"about":[{"href":"https:\/\/agora.xtec.cat\/ceippractiques2-lleida\/wp-json\/wp\/v2\/types\/post"}],"author":[{"embeddable":true,"href":"https:\/\/agora.xtec.cat\/ceippractiques2-lleida\/wp-json\/wp\/v2\/users\/1"}],"replies":[{"embeddable":true,"href":"https:\/\/agora.xtec.cat\/ceippractiques2-lleida\/wp-json\/wp\/v2\/comments?post=3295"}],"version-history":[{"count":3,"href":"https:\/\/agora.xtec.cat\/ceippractiques2-lleida\/wp-json\/wp\/v2\/posts\/3295\/revisions"}],"predecessor-version":[{"id":3315,"href":"https:\/\/agora.xtec.cat\/ceippractiques2-lleida\/wp-json\/wp\/v2\/posts\/3295\/revisions\/3315"}],"wp:featuredmedia":[{"embeddable":true,"href":"https:\/\/agora.xtec.cat\/ceippractiques2-lleida\/wp-json\/wp\/v2\/media\/3316"}],"wp:attachment":[{"href":"https:\/\/agora.xtec.cat\/ceippractiques2-lleida\/wp-json\/wp\/v2\/media?parent=3295"}],"wp:term":[{"taxonomy":"category","embeddable":true,"href":"https:\/\/agora.xtec.cat\/ceippractiques2-lleida\/wp-json\/wp\/v2\/categories?post=3295"},{"taxonomy":"post_tag","embeddable":true,"href":"https:\/\/agora.xtec.cat\/ceippractiques2-lleida\/wp-json\/wp\/v2\/tags?post=3295"}],"curies":[{"name":"wp","href":"https:\/\/api.w.org\/{rel}","templated":true}]}}