{"id":3262,"date":"2019-04-02T15:29:25","date_gmt":"2019-04-02T13:29:25","guid":{"rendered":"http:\/\/agora.xtec.cat\/ceippractiques2-lleida\/?p=3262"},"modified":"2019-04-02T15:29:25","modified_gmt":"2019-04-02T13:29:25","slug":"espai-fruita","status":"publish","type":"post","link":"https:\/\/agora.xtec.cat\/ceippractiques2-lleida\/general\/espai-fruita\/","title":{"rendered":"Espai fruita"},"content":{"rendered":"<p>Els alumnes de 1r ens ha tocat un premi: anar a visitar una explotaci\u00f3 frutitera totalment gratu\u00efta!.Aquest mat\u00ed durant la visita als camps de pomes<em>\u00a0Pink lady<\/em><span class=\"_5mfr\"><span class=\"_6qdm\">?\u00a0a Torrelameu<\/span><\/span>, l\u2019Armando\u00a0<span class=\"_5mfr\"><span class=\"_6qdm\">??\u200d<\/span><\/span>\u00a0ens ha parlat de les abelles<span class=\"_5mfr\"><span class=\"_6qdm\">?<\/span><\/span><span class=\"_5mfr\"><span class=\"_6qdm\">?<\/span><\/span><span class=\"_5mfr\"><span class=\"_6qdm\">?<\/span><\/span>, de la\u00a0<span class=\"_5mfr\"><span class=\"_6qdm\">?<\/span><\/span><span class=\"_5mfr\"><span class=\"_6qdm\">?<\/span><\/span><span class=\"_5mfr\"><span class=\"_6qdm\">?<\/span><\/span>pol\u2022linitzaci\u00f3 i de la producci\u00f3 de mel<span class=\"_5mfr\"><span class=\"_6qdm\">?.<\/span><\/span><\/p>\n<p>Despr\u00e9s hem anat a un magatzem de fruites on hem vist el proc\u00e9s de neteja, embalar i embossar les pomes\u00a0 <em>Pink lady<\/em><span class=\"_5mfr\"><span class=\"_6qdm\">?<\/span><\/span><span class=\"_5mfr\"><span class=\"_6qdm\">?.<\/span><\/span><\/p>\n<p>Tamb\u00e9 hem fet un taller degustaci\u00f3 de fruites i productes l\u00e0ctics<span class=\"_5mfr\"><span class=\"_6qdm\">?<\/span><\/span><span class=\"_5mfr\"><span class=\"_6qdm\">?<\/span><\/span><span class=\"_5mfr\"><span class=\"_6qdm\">?<\/span><\/span><span class=\"_5mfr\"><span class=\"_6qdm\">?<\/span><\/span><span class=\"_5mfr\"><span class=\"_6qdm\">?<\/span><\/span><span class=\"_5mfr\"><span class=\"_6qdm\">?\u00a0amb la nutricionista Carla,<\/span><\/span>\u00a0 per dur una bona dieta saludable. A la c\u00fapula inflable hem vist dos v\u00eddeos sobre la llet i les fruites.<img loading=\"lazy\" decoding=\"async\" class=\"\" src=\"https:\/\/images.emojiterra.com\/google\/android-pie\/512px\/1f404.png\" alt=\"Resultat d'imatges de emojis vaca\" width=\"19\" height=\"19\" \/><\/p>\n<p><a href=\"https:\/\/drive.google.com\/drive\/folders\/1-C14KWw6AMt0nSAdhsTdCpRWMlxlMkIJ?usp=sharing\"><img loading=\"lazy\" decoding=\"async\" class=\"alignnone wp-image-3266 size-large\" src=\"https:\/\/agora.xtec.cat\/ceippractiques2-lleida\/wp-content\/uploads\/usu635\/2019\/04\/IMG_7588-1024x768.jpg\" alt=\"\" width=\"1024\" height=\"768\" srcset=\"https:\/\/agora.xtec.cat\/ceippractiques2-lleida\/wp-content\/uploads\/usu635\/2019\/04\/IMG_7588-1024x768.jpg 1024w, https:\/\/agora.xtec.cat\/ceippractiques2-lleida\/wp-content\/uploads\/usu635\/2019\/04\/IMG_7588-300x225.jpg 300w, https:\/\/agora.xtec.cat\/ceippractiques2-lleida\/wp-content\/uploads\/usu635\/2019\/04\/IMG_7588-768x576.jpg 768w, https:\/\/agora.xtec.cat\/ceippractiques2-lleida\/wp-content\/uploads\/usu635\/2019\/04\/IMG_7588-200x150.jpg 200w, https:\/\/agora.xtec.cat\/ceippractiques2-lleida\/wp-content\/uploads\/usu635\/2019\/04\/IMG_7588.jpg 1500w\" sizes=\"auto, (max-width: 1024px) 100vw, 1024px\" \/><\/a><\/p>\n","protected":false},"excerpt":{"rendered":"<p>Els alumnes de 1r ens ha tocat un premi: anar a visitar una explotaci\u00f3 frutitera totalment gratu\u00efta!.Aquest mat\u00ed durant la visita als camps de pomes\u00a0Pink lady?\u00a0a Torrelameu, l\u2019Armando\u00a0??\u200d\u00a0ens ha parlat de les abelles???, de la\u00a0???pol\u2022linitzaci\u00f3 i de la producci\u00f3 de mel?.<br \/>\nDespr\u00e9s hem anat a un&hellip;  <a href=\"https:\/\/agora.xtec.cat\/ceippractiques2-lleida\/general\/espai-fruita\/\" title=\"Read Espai fruita\">Llegeix m\u00e9s\u00bb<\/a><\/p>\n","protected":false},"author":1,"featured_media":0,"comment_status":"open","ping_status":"closed","sticky":false,"template":"","format":"standard","meta":{"_bbp_topic_count":0,"_bbp_reply_count":0,"_bbp_total_topic_count":0,"_bbp_total_reply_count":0,"_bbp_voice_count":0,"_bbp_anonymous_reply_count":0,"_bbp_topic_count_hidden":0,"_bbp_reply_count_hidden":0,"_bbp_forum_subforum_count":0,"footnotes":""},"categories":[10,1,4],"tags":[],"class_list":["post-3262","post","type-post","status-publish","format-standard","hentry","category-1r","category-general","category-portada"],"post_mailing_queue_ids":[],"_links":{"self":[{"href":"https:\/\/agora.xtec.cat\/ceippractiques2-lleida\/wp-json\/wp\/v2\/posts\/3262","targetHints":{"allow":["GET"]}}],"collection":[{"href":"https:\/\/agora.xtec.cat\/ceippractiques2-lleida\/wp-json\/wp\/v2\/posts"}],"about":[{"href":"https:\/\/agora.xtec.cat\/ceippractiques2-lleida\/wp-json\/wp\/v2\/types\/post"}],"author":[{"embeddable":true,"href":"https:\/\/agora.xtec.cat\/ceippractiques2-lleida\/wp-json\/wp\/v2\/users\/1"}],"replies":[{"embeddable":true,"href":"https:\/\/agora.xtec.cat\/ceippractiques2-lleida\/wp-json\/wp\/v2\/comments?post=3262"}],"version-history":[{"count":3,"href":"https:\/\/agora.xtec.cat\/ceippractiques2-lleida\/wp-json\/wp\/v2\/posts\/3262\/revisions"}],"predecessor-version":[{"id":3267,"href":"https:\/\/agora.xtec.cat\/ceippractiques2-lleida\/wp-json\/wp\/v2\/posts\/3262\/revisions\/3267"}],"wp:attachment":[{"href":"https:\/\/agora.xtec.cat\/ceippractiques2-lleida\/wp-json\/wp\/v2\/media?parent=3262"}],"wp:term":[{"taxonomy":"category","embeddable":true,"href":"https:\/\/agora.xtec.cat\/ceippractiques2-lleida\/wp-json\/wp\/v2\/categories?post=3262"},{"taxonomy":"post_tag","embeddable":true,"href":"https:\/\/agora.xtec.cat\/ceippractiques2-lleida\/wp-json\/wp\/v2\/tags?post=3262"}],"curies":[{"name":"wp","href":"https:\/\/api.w.org\/{rel}","templated":true}]}}