{"id":3223,"date":"2019-03-21T10:54:03","date_gmt":"2019-03-21T09:54:03","guid":{"rendered":"http:\/\/agora.xtec.cat\/ceippractiques2-lleida\/?p=3223"},"modified":"2019-03-26T16:07:08","modified_gmt":"2019-03-26T15:07:08","slug":"recomanacions-per-sant-jordi","status":"publish","type":"post","link":"https:\/\/agora.xtec.cat\/ceippractiques2-lleida\/general\/recomanacions-per-sant-jordi\/","title":{"rendered":"RECOMANACIONS PER SANT JORDI"},"content":{"rendered":"<p>Comen\u00e7arem avui una s\u00e8rie d\u2019articles sobre llibres que podeu regalar-vos per Sant Jordi. S\u00f3n obres que ens han agradat i volem compartir amb totes vosaltres, fam\u00edlies de l\u2019escola.<\/p>\n<p>El primer grup de llibres pertanyen a la col\u00b7lecci\u00f3 <a href=\"https:\/\/www.pageseditors.cat\/ca\/cataleg\/infantil-i-juvenil.html\"><strong>Nandib\u00fa de l\u2019editorial Pag\u00e8s<\/strong><\/a><\/p>\n<p><em>\u00a0<a href=\"https:\/\/agora.xtec.cat\/ceippractiques2-lleida\/wp-content\/uploads\/usu635\/2019\/03\/noelia.jpg\"><img loading=\"lazy\" decoding=\"async\" class=\"alignnone wp-image-3226\" src=\"https:\/\/agora.xtec.cat\/ceippractiques2-lleida\/wp-content\/uploads\/usu635\/2019\/03\/noelia.jpg\" alt=\"\" width=\"200\" height=\"286\" srcset=\"https:\/\/agora.xtec.cat\/ceippractiques2-lleida\/wp-content\/uploads\/usu635\/2019\/03\/noelia.jpg 243w, https:\/\/agora.xtec.cat\/ceippractiques2-lleida\/wp-content\/uploads\/usu635\/2019\/03\/noelia-209x300.jpg 209w\" sizes=\"auto, (max-width: 200px) 100vw, 200px\" \/><\/a><a href=\"https:\/\/agora.xtec.cat\/ceippractiques2-lleida\/wp-content\/uploads\/usu635\/2019\/03\/bicilcleta.jpg\"><img loading=\"lazy\" decoding=\"async\" class=\"alignnone wp-image-3224\" src=\"https:\/\/agora.xtec.cat\/ceippractiques2-lleida\/wp-content\/uploads\/usu635\/2019\/03\/bicilcleta.jpg\" alt=\"\" width=\"199\" height=\"282\" srcset=\"https:\/\/agora.xtec.cat\/ceippractiques2-lleida\/wp-content\/uploads\/usu635\/2019\/03\/bicilcleta.jpg 245w, https:\/\/agora.xtec.cat\/ceippractiques2-lleida\/wp-content\/uploads\/usu635\/2019\/03\/bicilcleta-211x300.jpg 211w\" sizes=\"auto, (max-width: 199px) 100vw, 199px\" \/><\/a><a href=\"https:\/\/agora.xtec.cat\/ceippractiques2-lleida\/wp-content\/uploads\/usu635\/2019\/03\/9788413030593_04_n.jpg\"><img loading=\"lazy\" decoding=\"async\" class=\"alignnone wp-image-3230\" src=\"https:\/\/agora.xtec.cat\/ceippractiques2-lleida\/wp-content\/uploads\/usu635\/2019\/03\/9788413030593_04_n.jpg\" alt=\"\" width=\"229\" height=\"295\" srcset=\"https:\/\/agora.xtec.cat\/ceippractiques2-lleida\/wp-content\/uploads\/usu635\/2019\/03\/9788413030593_04_n.jpg 570w, https:\/\/agora.xtec.cat\/ceippractiques2-lleida\/wp-content\/uploads\/usu635\/2019\/03\/9788413030593_04_n-233x300.jpg 233w\" sizes=\"auto, (max-width: 229px) 100vw, 229px\" \/><\/a><a href=\"https:\/\/agora.xtec.cat\/ceippractiques2-lleida\/wp-content\/uploads\/usu635\/2019\/03\/ricoroc.jpg\"><img loading=\"lazy\" decoding=\"async\" class=\"alignnone wp-image-3227\" src=\"https:\/\/agora.xtec.cat\/ceippractiques2-lleida\/wp-content\/uploads\/usu635\/2019\/03\/ricoroc.jpg\" alt=\"\" width=\"188\" height=\"286\" srcset=\"https:\/\/agora.xtec.cat\/ceippractiques2-lleida\/wp-content\/uploads\/usu635\/2019\/03\/ricoroc.jpg 229w, https:\/\/agora.xtec.cat\/ceippractiques2-lleida\/wp-content\/uploads\/usu635\/2019\/03\/ricoroc-197x300.jpg 197w\" sizes=\"auto, (max-width: 188px) 100vw, 188px\" \/><\/a><a href=\"https:\/\/agora.xtec.cat\/ceippractiques2-lleida\/wp-content\/uploads\/usu635\/2019\/03\/9788499758527_04_s.jpg\"><img loading=\"lazy\" decoding=\"async\" class=\"alignnone wp-image-3231\" src=\"https:\/\/agora.xtec.cat\/ceippractiques2-lleida\/wp-content\/uploads\/usu635\/2019\/03\/9788499758527_04_s.jpg\" alt=\"\" width=\"241\" height=\"310\" srcset=\"https:\/\/agora.xtec.cat\/ceippractiques2-lleida\/wp-content\/uploads\/usu635\/2019\/03\/9788499758527_04_s.jpg 570w, https:\/\/agora.xtec.cat\/ceippractiques2-lleida\/wp-content\/uploads\/usu635\/2019\/03\/9788499758527_04_s-233x300.jpg 233w\" sizes=\"auto, (max-width: 241px) 100vw, 241px\" \/><\/a><a href=\"https:\/\/agora.xtec.cat\/ceippractiques2-lleida\/wp-content\/uploads\/usu635\/2019\/03\/dormirlleo.jpg\"><img loading=\"lazy\" decoding=\"async\" class=\"alignnone wp-image-3225\" src=\"https:\/\/agora.xtec.cat\/ceippractiques2-lleida\/wp-content\/uploads\/usu635\/2019\/03\/dormirlleo.jpg\" alt=\"\" width=\"215\" height=\"307\" srcset=\"https:\/\/agora.xtec.cat\/ceippractiques2-lleida\/wp-content\/uploads\/usu635\/2019\/03\/dormirlleo.jpg 244w, https:\/\/agora.xtec.cat\/ceippractiques2-lleida\/wp-content\/uploads\/usu635\/2019\/03\/dormirlleo-210x300.jpg 210w\" sizes=\"auto, (max-width: 215px) 100vw, 215px\" \/><\/a><\/em><\/p>\n<p>&nbsp;<\/p>\n<p><strong>L&#8217;arca de la No\u00e8lia<\/strong><\/p>\n<p>Autor: Arnal Gil, Txabi ; Blasco, Julio Antonio<\/p>\n<p>Il\u00b7lustrador\/s: Blasco, Julio Antonio<\/p>\n<p>ISBN: 978-84-9975-816-9<\/p>\n<p style=\"text-align: justify\">El tigre s&#8217;ha cruspit la senyora Adela Ruiz, de professi\u00f3 dentista. Les zebres es volen esborrar les ratlles de la pell. La petita gasela pateix d&#8217;insomni. El lle\u00f3 est\u00e0 gel\u00f3s d&#8217;en Tarzan. L&#8217;os est\u00e0 furi\u00f3s, i el goril\u00b7la est\u00e0 ben enfurismat. A l&#8217;estru\u00e7 blau li han robat un ou. La senyora Girafa es mareja&#8230; I jo&#8230; jo no goso sortir de casa. Ves a saber qu\u00e8 em podria passar! I \u00e9s que totes aquestes animalades s&#8217;esdevenen als carrers de la meva ciutat.<\/p>\n<p>&nbsp;<\/p>\n<p><strong>Hist\u00f2ria de la bicicleta d&#8217;un home llangardaix<\/strong><\/p>\n<p>Autor: Casalderrey Fraga, Fina<\/p>\n<p>Il\u00b7lustrador\/s: Soms Bach, Dani<\/p>\n<p>ISBN: 978-84-9975-712-4<\/p>\n<p>Aquesta \u00e9s la hist\u00f2ria d&#8217;en Mundo, un nen que va superar un atac dels llops al seu ramat, va pedalar amb una bicicleta de zelador de telefonia, es va enfilar als pals m\u00e9s alts com un llangardaix&#8230; Per\u00f2 la misteriosa desaparici\u00f3 del seu pare, la por dibuixada a la cara de les ve\u00efnes, el dol enigm\u00e0tic de la seva mare, les notes manuscrites als llibres&#8230; van torbar els seus somnis de futur<\/p>\n<p>&nbsp;<\/p>\n<p><strong style=\"font-family: inherit;font-size: 1em\">L&#8217;arbre dels desigs<\/strong><\/p>\n<p>Il\u00b7lustrador\/s: Clariana Muntada, Anna<\/p>\n<p>ISBN: 978-84-1303-059-3<\/p>\n<p>En Roig \u00e9s un roure amb molts anells d\u2019edat. \u00c9s <em>l\u2019arbre dels desigs<\/em> del barri: la gent escriu desigs en trossos de roba i els lliga a les seves branques. Aquest arbre les ha vist de tots colors. Fins que una nova fam\u00edlia arriba al barri. No tothom els rep amb els bra\u00e7os oberts, i l\u2019experi\u00e8ncia d\u2019en Roig com a arbre dels desigs \u00e9s m\u00e9s important que mai.<\/p>\n<p>&nbsp;<\/p>\n<p><strong>Rigo i Roc,\u00a0<\/strong><strong>28 hist\u00f2ries del zoo i de la vida<\/strong><\/p>\n<p>Autor: Pauli, Lorenz ; Sch\u00e4rer, Kathrin<\/p>\n<p>ISBN: 978-84-1303-070-8<\/p>\n<p>El Roc es va asseure a la pota del Rigo, els peus no li tocaven a terra. \u2014Imagina\u2019t que fessin un llibre sobre nosaltres! \u2014va dir el Roc, assegut a la pota del lleopard i balancejant els peus. El Rigo va somriure: \u2014Ai, Roc, un llibre sobre un lleopard i un ratol\u00ed&#8230; no se\u2019l creuria ning\u00fa. A m\u00e9s a m\u00e9s, la nostra amistat \u00e9s tan viva i c\u00e0lida, tan gran, tan immensa&#8230; que no hi cap, en un llibre!<\/p>\n<p>&nbsp;<\/p>\n<p><strong>En Karim i les zebres<\/strong><\/p>\n<p>Autor: Iglesias Lodares, Gracia ; Wimmer, Sonja<\/p>\n<p>Il\u00b7lustrador\/s: Wimmer, Sonja<\/p>\n<p>ISBN: 978-84-9975-852-7<\/p>\n<p>Enmig d&#8217;una ciutat devastada per la guerra, en Karim i en Hakim mantenen vius els somnis i la il\u00b7lusi\u00f3. El d&#8217;en Karim \u00e9s muntar una zebra. Quan la seva cosina Amal al final els porta al zoo, el troben en un estat lamentable: gaireb\u00e9 no hi queden animals i la g\u00e0bia de les zebres est\u00e0 buida. L&#8217;Amal buscar\u00e0 la manera de fer que el somni d&#8217;en Karim es compleixi.<\/p>\n<p>&nbsp;<\/p>\n<p><strong>Com adormir un lle\u00f3 i altres cr\u00f2niques ver\u00eddiques<\/strong><\/p>\n<p>Autor: Benegas Ortiz, Mar<\/p>\n<p>Il\u00b7lustrador\/s: Serrano Guerrero, Luc\u00eda<\/p>\n<p>ISBN: 978-84-9975-721-6<\/p>\n<p>L&#8217;Anna \u00e9s una nena molt inquieta i molt intel\u00b7ligent, vol ser periodista. T\u00e9 una germana petita, la Sol, una \u00e0via, periodista tamb\u00e9, que li regala una gravadora, un avi misteri\u00f3s, i un pare i una mare. Fins aqu\u00ed tot sembla normal. Per\u00f2, de sobte, comencen a succeir coses estrany\u00edssimes a casa seva: l&#8217;Anna ho grava tot i en fa unes cr\u00f2niques fabuloses. Aix\u00ed descobrirem com s&#8217;adorm un lle\u00f3, el vol que pot tenir una faldilla o fins on arriba una casa voladora&#8230; Aix\u00f2 i moltes altres coses, \u00e9s clar.<\/p>\n<p>&nbsp;<\/p>\n","protected":false},"excerpt":{"rendered":"<p>Comen\u00e7arem avui una s\u00e8rie d\u2019articles sobre llibres que podeu regalar-vos per Sant Jordi. S\u00f3n obres que ens han agradat i volem compartir amb totes vosaltres, fam\u00edlies de l\u2019escola.<br \/>\nEl primer grup de llibres pertanyen a la col\u00b7lecci\u00f3 <a href=\"https:\/\/www.pageseditors.cat\/ca\/cataleg\/infantil-i-juvenil.html\">Nandib\u00fa de l\u2019editorial Pag\u00e8s<\/a><br \/>\n\u00a0<a href=\"https:\/\/agora.xtec.cat\/ceippractiques2-lleida\/wp-content\/uploads\/usu635\/2019\/03\/noelia.jpg\"><\/a><a href=\"https:\/\/agora.xtec.cat\/ceippractiques2-lleida\/wp-content\/uploads\/usu635\/2019\/03\/bicilcleta.jpg\"><\/a><a href=\"https:\/\/agora.xtec.cat\/ceippractiques2-lleida\/wp-content\/uploads\/usu635\/2019\/03\/9788413030593_04_n.jpg\"><\/a><a href=\"https:\/\/agora.xtec.cat\/ceippractiques2-lleida\/wp-content\/uploads\/usu635\/2019\/03\/ricoroc.jpg\"><\/a><a&hellip;  <a href=\"https:\/\/agora.xtec.cat\/ceippractiques2-lleida\/general\/recomanacions-per-sant-jordi\/\" title=\"Read RECOMANACIONS PER SANT JORDI\">Llegeix m\u00e9s\u00bb<\/a><\/p>\n","protected":false},"author":1,"featured_media":0,"comment_status":"open","ping_status":"closed","sticky":false,"template":"","format":"standard","meta":{"_bbp_topic_count":0,"_bbp_reply_count":0,"_bbp_total_topic_count":0,"_bbp_total_reply_count":0,"_bbp_voice_count":0,"_bbp_anonymous_reply_count":0,"_bbp_topic_count_hidden":0,"_bbp_reply_count_hidden":0,"_bbp_forum_subforum_count":0,"footnotes":""},"categories":[1],"tags":[],"class_list":["post-3223","post","type-post","status-publish","format-standard","hentry","category-general"],"post_mailing_queue_ids":[],"_links":{"self":[{"href":"https:\/\/agora.xtec.cat\/ceippractiques2-lleida\/wp-json\/wp\/v2\/posts\/3223","targetHints":{"allow":["GET"]}}],"collection":[{"href":"https:\/\/agora.xtec.cat\/ceippractiques2-lleida\/wp-json\/wp\/v2\/posts"}],"about":[{"href":"https:\/\/agora.xtec.cat\/ceippractiques2-lleida\/wp-json\/wp\/v2\/types\/post"}],"author":[{"embeddable":true,"href":"https:\/\/agora.xtec.cat\/ceippractiques2-lleida\/wp-json\/wp\/v2\/users\/1"}],"replies":[{"embeddable":true,"href":"https:\/\/agora.xtec.cat\/ceippractiques2-lleida\/wp-json\/wp\/v2\/comments?post=3223"}],"version-history":[{"count":3,"href":"https:\/\/agora.xtec.cat\/ceippractiques2-lleida\/wp-json\/wp\/v2\/posts\/3223\/revisions"}],"predecessor-version":[{"id":3248,"href":"https:\/\/agora.xtec.cat\/ceippractiques2-lleida\/wp-json\/wp\/v2\/posts\/3223\/revisions\/3248"}],"wp:attachment":[{"href":"https:\/\/agora.xtec.cat\/ceippractiques2-lleida\/wp-json\/wp\/v2\/media?parent=3223"}],"wp:term":[{"taxonomy":"category","embeddable":true,"href":"https:\/\/agora.xtec.cat\/ceippractiques2-lleida\/wp-json\/wp\/v2\/categories?post=3223"},{"taxonomy":"post_tag","embeddable":true,"href":"https:\/\/agora.xtec.cat\/ceippractiques2-lleida\/wp-json\/wp\/v2\/tags?post=3223"}],"curies":[{"name":"wp","href":"https:\/\/api.w.org\/{rel}","templated":true}]}}