{"id":3206,"date":"2019-03-07T15:13:07","date_gmt":"2019-03-07T14:13:07","guid":{"rendered":"http:\/\/agora.xtec.cat\/ceippractiques2-lleida\/?p=3206"},"modified":"2019-03-08T12:38:00","modified_gmt":"2019-03-08T11:38:00","slug":"ajudem-als-nens-es-saharauis","status":"publish","type":"post","link":"https:\/\/agora.xtec.cat\/ceippractiques2-lleida\/general\/ajudem-als-nens-es-saharauis\/","title":{"rendered":"Ajudem als nens\/es saharauis!"},"content":{"rendered":"<p>El passat dijous 28 de febrer, en Jes\u00fas Marco, voluntari de Lleida pels refugiats Saharauis a Tindouf, ens va venir a explicar a l&#8217;alumnat de Cicle Inicial, la seva experi\u00e8ncia i moltes aventures que ha viscut arreu del m\u00f3n ajudant als nens i nenes. L&#8217;alumnat de CI hem col.laborat amb aquest projecte de cooperaci\u00f3 i hem recollit material escolar i hem fet unes llibretes personalitzades. Ha estat una experi\u00e8ncia inoblidable!!<\/p>\n<p><a href=\"https:\/\/drive.google.com\/open?id=1bpXAdMmhUZDpliQDFz32liv2EcFjRUMf\"><img loading=\"lazy\" decoding=\"async\" class=\"alignnone wp-image-3211 size-large\" src=\"https:\/\/agora.xtec.cat\/ceippractiques2-lleida\/wp-content\/uploads\/usu635\/2019\/03\/PHOTO-2019-03-01-19-17-23-1-1024x768.jpg\" alt=\"\" width=\"1024\" height=\"768\" srcset=\"https:\/\/agora.xtec.cat\/ceippractiques2-lleida\/wp-content\/uploads\/usu635\/2019\/03\/PHOTO-2019-03-01-19-17-23-1.jpg 1024w, https:\/\/agora.xtec.cat\/ceippractiques2-lleida\/wp-content\/uploads\/usu635\/2019\/03\/PHOTO-2019-03-01-19-17-23-1-300x225.jpg 300w, https:\/\/agora.xtec.cat\/ceippractiques2-lleida\/wp-content\/uploads\/usu635\/2019\/03\/PHOTO-2019-03-01-19-17-23-1-768x576.jpg 768w, https:\/\/agora.xtec.cat\/ceippractiques2-lleida\/wp-content\/uploads\/usu635\/2019\/03\/PHOTO-2019-03-01-19-17-23-1-200x150.jpg 200w\" sizes=\"auto, (max-width: 1024px) 100vw, 1024px\" \/><\/a><\/p>\n","protected":false},"excerpt":{"rendered":"<p>El passat dijous 28 de febrer, en Jes\u00fas Marco, voluntari de Lleida pels refugiats Saharauis a Tindouf, ens va venir a explicar a l&#8217;alumnat de Cicle Inicial, la seva experi\u00e8ncia i moltes aventures que ha viscut arreu del m\u00f3n ajudant als nens i nenes. L&#8217;alumnat&hellip;  <a href=\"https:\/\/agora.xtec.cat\/ceippractiques2-lleida\/general\/ajudem-als-nens-es-saharauis\/\" title=\"Read Ajudem als nens\/es saharauis!\">Llegeix m\u00e9s\u00bb<\/a><\/p>\n","protected":false},"author":1,"featured_media":0,"comment_status":"open","ping_status":"closed","sticky":false,"template":"","format":"standard","meta":{"_bbp_topic_count":0,"_bbp_reply_count":0,"_bbp_total_topic_count":0,"_bbp_total_reply_count":0,"_bbp_voice_count":0,"_bbp_anonymous_reply_count":0,"_bbp_topic_count_hidden":0,"_bbp_reply_count_hidden":0,"_bbp_forum_subforum_count":0,"footnotes":""},"categories":[10,11,1,4],"tags":[],"class_list":["post-3206","post","type-post","status-publish","format-standard","hentry","category-1r","category-2n","category-general","category-portada"],"post_mailing_queue_ids":[],"_links":{"self":[{"href":"https:\/\/agora.xtec.cat\/ceippractiques2-lleida\/wp-json\/wp\/v2\/posts\/3206","targetHints":{"allow":["GET"]}}],"collection":[{"href":"https:\/\/agora.xtec.cat\/ceippractiques2-lleida\/wp-json\/wp\/v2\/posts"}],"about":[{"href":"https:\/\/agora.xtec.cat\/ceippractiques2-lleida\/wp-json\/wp\/v2\/types\/post"}],"author":[{"embeddable":true,"href":"https:\/\/agora.xtec.cat\/ceippractiques2-lleida\/wp-json\/wp\/v2\/users\/1"}],"replies":[{"embeddable":true,"href":"https:\/\/agora.xtec.cat\/ceippractiques2-lleida\/wp-json\/wp\/v2\/comments?post=3206"}],"version-history":[{"count":3,"href":"https:\/\/agora.xtec.cat\/ceippractiques2-lleida\/wp-json\/wp\/v2\/posts\/3206\/revisions"}],"predecessor-version":[{"id":3215,"href":"https:\/\/agora.xtec.cat\/ceippractiques2-lleida\/wp-json\/wp\/v2\/posts\/3206\/revisions\/3215"}],"wp:attachment":[{"href":"https:\/\/agora.xtec.cat\/ceippractiques2-lleida\/wp-json\/wp\/v2\/media?parent=3206"}],"wp:term":[{"taxonomy":"category","embeddable":true,"href":"https:\/\/agora.xtec.cat\/ceippractiques2-lleida\/wp-json\/wp\/v2\/categories?post=3206"},{"taxonomy":"post_tag","embeddable":true,"href":"https:\/\/agora.xtec.cat\/ceippractiques2-lleida\/wp-json\/wp\/v2\/tags?post=3206"}],"curies":[{"name":"wp","href":"https:\/\/api.w.org\/{rel}","templated":true}]}}