{"id":3191,"date":"2019-02-28T09:18:05","date_gmt":"2019-02-28T08:18:05","guid":{"rendered":"http:\/\/agora.xtec.cat\/ceippractiques2-lleida\/?p=3191"},"modified":"2019-02-28T09:21:29","modified_gmt":"2019-02-28T08:21:29","slug":"experiencia-al-ballar","status":"publish","type":"post","link":"https:\/\/agora.xtec.cat\/ceippractiques2-lleida\/general\/experiencia-al-ballar\/","title":{"rendered":"Experi\u00e8ncia al ballar!"},"content":{"rendered":"<p>L&#8217;alumnat de 4t de prim\u00e0ria han viscut una experi\u00e8ncia emocionat en experimentar la dansa urbana de la m\u00e0 de la nostra practicant Laura. Ara exposen les seves viv\u00e8ncies personals:<\/p>\n<p>Ana Paga: &#8220;Al ballar amb la Laura sento alegria i pau. Ella balla molt b\u00e9 i se la veu molt contenta al ballar.&#8221;<\/p>\n<p>Pau Alfaro: &#8220;La classe que ens va fer la Laura va ser impressionant, ens va ensenyar una coreografia incre\u00efble. Els passos eren molt b\u00e0sics per\u00f2 igualment ho va fer genial&#8221;.<\/p>\n<p>Jana Fit\u00e9: La classe amb la Laura va estar s\u00faper b\u00e9, ens ho vam passar molt b\u00e9 i vam aprendre nous passos de ball s\u00faper originals i xulos. Vam tenir molta sort que ens fes la classe.&#8221;<\/p>\n<p>Yanay Acosta: La classe va ser s\u00faper xula. M&#8217;ho vaig passar molt b\u00e9 ballant la coreografia. Els passos eren s\u00faper xulos i molt moguts&#8221;.<\/p>\n<p><a href=\"https:\/\/drive.google.com\/open?id=1AlnZy4CqrorNe3pHCr4nu44BDvkEtHuR\"><img loading=\"lazy\" decoding=\"async\" class=\"alignnone wp-image-3193 size-large\" src=\"https:\/\/agora.xtec.cat\/ceippractiques2-lleida\/wp-content\/uploads\/usu635\/2019\/02\/IMG_0390-1024x768.jpg\" alt=\"\" width=\"1024\" height=\"768\" srcset=\"https:\/\/agora.xtec.cat\/ceippractiques2-lleida\/wp-content\/uploads\/usu635\/2019\/02\/IMG_0390-1024x768.jpg 1024w, https:\/\/agora.xtec.cat\/ceippractiques2-lleida\/wp-content\/uploads\/usu635\/2019\/02\/IMG_0390-300x225.jpg 300w, https:\/\/agora.xtec.cat\/ceippractiques2-lleida\/wp-content\/uploads\/usu635\/2019\/02\/IMG_0390-768x576.jpg 768w, https:\/\/agora.xtec.cat\/ceippractiques2-lleida\/wp-content\/uploads\/usu635\/2019\/02\/IMG_0390-200x150.jpg 200w\" sizes=\"auto, (max-width: 1024px) 100vw, 1024px\" \/><\/a><\/p>\n","protected":false},"excerpt":{"rendered":"<p>L&#8217;alumnat de 4t de prim\u00e0ria han viscut una experi\u00e8ncia emocionat en experimentar la dansa urbana de la m\u00e0 de la nostra practicant Laura. Ara exposen les seves viv\u00e8ncies personals:<br \/>\nAna Paga: &#8220;Al ballar amb la Laura sento alegria i pau. Ella balla molt b\u00e9 i se&hellip;  <a href=\"https:\/\/agora.xtec.cat\/ceippractiques2-lleida\/general\/experiencia-al-ballar\/\" title=\"Read Experi\u00e8ncia al ballar!\">Llegeix m\u00e9s\u00bb<\/a><\/p>\n","protected":false},"author":1,"featured_media":0,"comment_status":"open","ping_status":"closed","sticky":false,"template":"","format":"standard","meta":{"_bbp_topic_count":0,"_bbp_reply_count":0,"_bbp_total_topic_count":0,"_bbp_total_reply_count":0,"_bbp_voice_count":0,"_bbp_anonymous_reply_count":0,"_bbp_topic_count_hidden":0,"_bbp_reply_count_hidden":0,"_bbp_forum_subforum_count":0,"footnotes":""},"categories":[13,1,4],"tags":[],"class_list":["post-3191","post","type-post","status-publish","format-standard","hentry","category-4t","category-general","category-portada"],"post_mailing_queue_ids":[],"_links":{"self":[{"href":"https:\/\/agora.xtec.cat\/ceippractiques2-lleida\/wp-json\/wp\/v2\/posts\/3191","targetHints":{"allow":["GET"]}}],"collection":[{"href":"https:\/\/agora.xtec.cat\/ceippractiques2-lleida\/wp-json\/wp\/v2\/posts"}],"about":[{"href":"https:\/\/agora.xtec.cat\/ceippractiques2-lleida\/wp-json\/wp\/v2\/types\/post"}],"author":[{"embeddable":true,"href":"https:\/\/agora.xtec.cat\/ceippractiques2-lleida\/wp-json\/wp\/v2\/users\/1"}],"replies":[{"embeddable":true,"href":"https:\/\/agora.xtec.cat\/ceippractiques2-lleida\/wp-json\/wp\/v2\/comments?post=3191"}],"version-history":[{"count":3,"href":"https:\/\/agora.xtec.cat\/ceippractiques2-lleida\/wp-json\/wp\/v2\/posts\/3191\/revisions"}],"predecessor-version":[{"id":3195,"href":"https:\/\/agora.xtec.cat\/ceippractiques2-lleida\/wp-json\/wp\/v2\/posts\/3191\/revisions\/3195"}],"wp:attachment":[{"href":"https:\/\/agora.xtec.cat\/ceippractiques2-lleida\/wp-json\/wp\/v2\/media?parent=3191"}],"wp:term":[{"taxonomy":"category","embeddable":true,"href":"https:\/\/agora.xtec.cat\/ceippractiques2-lleida\/wp-json\/wp\/v2\/categories?post=3191"},{"taxonomy":"post_tag","embeddable":true,"href":"https:\/\/agora.xtec.cat\/ceippractiques2-lleida\/wp-json\/wp\/v2\/tags?post=3191"}],"curies":[{"name":"wp","href":"https:\/\/api.w.org\/{rel}","templated":true}]}}