{"id":3165,"date":"2019-02-13T20:55:48","date_gmt":"2019-02-13T19:55:48","guid":{"rendered":"http:\/\/agora.xtec.cat\/ceippractiques2-lleida\/?p=3165"},"modified":"2019-02-13T20:58:33","modified_gmt":"2019-02-13T19:58:33","slug":"fem-robotica-amb-bee-boots","status":"publish","type":"post","link":"https:\/\/agora.xtec.cat\/ceippractiques2-lleida\/general\/fem-robotica-amb-bee-boots\/","title":{"rendered":"FEM ROB\u00d2TICA AMB BEE-BOOTS!"},"content":{"rendered":"<p>A l&#8217;inici d&#8217;aquest trimestre, l&#8217;alumnat de segon de Cicle inicial han comen\u00e7at el taller de rob\u00f2tica amb els Bee-Boots. Es planteja un nou repte educatiu, volem adequar el proc\u00e9s d\u2019ensenyament-aprenentatge a la realitat actual i futura, on la tecnologia a m\u00e9s de l\u2019experimentaci\u00f3 i la investigaci\u00f3 sigui el mitj\u00e0 per aprendre.<\/p>\n<p>Amb aquestes petites abelles-robots ens permeten treballar diferents \u00e0rees refor\u00e7ant la lateralitat, l\u2019estructuraci\u00f3 espacial, la seq\u00fcenciaci\u00f3 d\u2019ordres, la resoluci\u00f3 de problemes\u2026<br \/>\nS\u2019inicien d\u2019una manera divertida en la programaci\u00f3 tecnol\u00f2gica i de rob\u00f2tica.<br \/>\nEls nens \/es programen els robots mitjan\u00e7ant 7 tecles que es troben a la part superior, per seq\u00fcenciar els seus moviments.<\/p>\n<p><a href=\"https:\/\/drive.google.com\/open?id=1Fjpraa3BFuJyvFVr4NkI7Z8VWj6-hMYm\"><img loading=\"lazy\" decoding=\"async\" class=\"alignnone wp-image-3169 size-large\" src=\"https:\/\/agora.xtec.cat\/ceippractiques2-lleida\/wp-content\/uploads\/usu635\/2019\/02\/PHOTO-2019-02-13-12-40-51-1-1024x768.jpg\" alt=\"\" width=\"1024\" height=\"768\" \/><\/a><\/p>\n<p>&nbsp;<\/p>\n","protected":false},"excerpt":{"rendered":"<p>A l&#8217;inici d&#8217;aquest trimestre, l&#8217;alumnat de segon de Cicle inicial han comen\u00e7at el taller de rob\u00f2tica amb els Bee-Boots. Es planteja un nou repte educatiu, volem adequar el proc\u00e9s d\u2019ensenyament-aprenentatge a la realitat actual i futura, on la tecnologia a m\u00e9s de l\u2019experimentaci\u00f3 i la&hellip;  <a href=\"https:\/\/agora.xtec.cat\/ceippractiques2-lleida\/general\/fem-robotica-amb-bee-boots\/\" title=\"Read FEM ROB\u00d2TICA AMB BEE-BOOTS!\">Llegeix m\u00e9s\u00bb<\/a><\/p>\n","protected":false},"author":1,"featured_media":0,"comment_status":"open","ping_status":"closed","sticky":false,"template":"","format":"standard","meta":{"_bbp_topic_count":0,"_bbp_reply_count":0,"_bbp_total_topic_count":0,"_bbp_total_reply_count":0,"_bbp_voice_count":0,"_bbp_anonymous_reply_count":0,"_bbp_topic_count_hidden":0,"_bbp_reply_count_hidden":0,"_bbp_forum_subforum_count":0,"footnotes":""},"categories":[11,1,4],"tags":[],"class_list":["post-3165","post","type-post","status-publish","format-standard","hentry","category-2n","category-general","category-portada"],"post_mailing_queue_ids":[],"_links":{"self":[{"href":"https:\/\/agora.xtec.cat\/ceippractiques2-lleida\/wp-json\/wp\/v2\/posts\/3165","targetHints":{"allow":["GET"]}}],"collection":[{"href":"https:\/\/agora.xtec.cat\/ceippractiques2-lleida\/wp-json\/wp\/v2\/posts"}],"about":[{"href":"https:\/\/agora.xtec.cat\/ceippractiques2-lleida\/wp-json\/wp\/v2\/types\/post"}],"author":[{"embeddable":true,"href":"https:\/\/agora.xtec.cat\/ceippractiques2-lleida\/wp-json\/wp\/v2\/users\/1"}],"replies":[{"embeddable":true,"href":"https:\/\/agora.xtec.cat\/ceippractiques2-lleida\/wp-json\/wp\/v2\/comments?post=3165"}],"version-history":[{"count":3,"href":"https:\/\/agora.xtec.cat\/ceippractiques2-lleida\/wp-json\/wp\/v2\/posts\/3165\/revisions"}],"predecessor-version":[{"id":3171,"href":"https:\/\/agora.xtec.cat\/ceippractiques2-lleida\/wp-json\/wp\/v2\/posts\/3165\/revisions\/3171"}],"wp:attachment":[{"href":"https:\/\/agora.xtec.cat\/ceippractiques2-lleida\/wp-json\/wp\/v2\/media?parent=3165"}],"wp:term":[{"taxonomy":"category","embeddable":true,"href":"https:\/\/agora.xtec.cat\/ceippractiques2-lleida\/wp-json\/wp\/v2\/categories?post=3165"},{"taxonomy":"post_tag","embeddable":true,"href":"https:\/\/agora.xtec.cat\/ceippractiques2-lleida\/wp-json\/wp\/v2\/tags?post=3165"}],"curies":[{"name":"wp","href":"https:\/\/api.w.org\/{rel}","templated":true}]}}