{"id":3143,"date":"2019-02-11T15:35:30","date_gmt":"2019-02-11T14:35:30","guid":{"rendered":"http:\/\/agora.xtec.cat\/ceippractiques2-lleida\/?p=3143"},"modified":"2019-02-11T15:35:30","modified_gmt":"2019-02-11T14:35:30","slug":"el-mon-de-la-cellula","status":"publish","type":"post","link":"https:\/\/agora.xtec.cat\/ceippractiques2-lleida\/general\/el-mon-de-la-cellula\/","title":{"rendered":"El m\u00f3n de la c\u00e8l\u00b7lula"},"content":{"rendered":"<p>El 6 i 7 de febrer els alumnes de cinqu\u00e8 vam anar al Caixa F\u00f2rum per dur a terme el taller \u201cEl m\u00f3n de la c\u00e8l\u00b7lula\u201d organitzat per Obra Social La Caixa. En aquest taller vam descobrir experimentalment qu\u00e8 \u00e9s una c\u00e8l\u00b7lula, la seva morfologia i la seva funcionalitat. Els alumnes va fer\u00a0 preparacions senzilles i\u00a0 va manipular el microscopi per poder visualitzar les diferents tipus de c\u00e8l\u00b7lules.<\/p>\n<p>&nbsp;<\/p>\n\n","protected":false},"excerpt":{"rendered":"<p>El 6 i 7 de febrer els alumnes de cinqu\u00e8 vam anar al Caixa F\u00f2rum per dur a terme el taller \u201cEl m\u00f3n de la c\u00e8l\u00b7lula\u201d organitzat per Obra Social La Caixa. En aquest taller vam descobrir experimentalment qu\u00e8 \u00e9s una c\u00e8l\u00b7lula, la seva morfologia&hellip;  <a href=\"https:\/\/agora.xtec.cat\/ceippractiques2-lleida\/general\/el-mon-de-la-cellula\/\" title=\"Read El m\u00f3n de la c\u00e8l\u00b7lula\">Llegeix m\u00e9s\u00bb<\/a><\/p>\n","protected":false},"author":10,"featured_media":0,"comment_status":"open","ping_status":"closed","sticky":false,"template":"","format":"standard","meta":{"_bbp_topic_count":0,"_bbp_reply_count":0,"_bbp_total_topic_count":0,"_bbp_total_reply_count":0,"_bbp_voice_count":0,"_bbp_anonymous_reply_count":0,"_bbp_topic_count_hidden":0,"_bbp_reply_count_hidden":0,"_bbp_forum_subforum_count":0,"footnotes":""},"categories":[14,5,1,4],"tags":[],"class_list":["post-3143","post","type-post","status-publish","format-standard","hentry","category-5e","category-primaria","category-general","category-portada"],"post_mailing_queue_ids":[],"_links":{"self":[{"href":"https:\/\/agora.xtec.cat\/ceippractiques2-lleida\/wp-json\/wp\/v2\/posts\/3143","targetHints":{"allow":["GET"]}}],"collection":[{"href":"https:\/\/agora.xtec.cat\/ceippractiques2-lleida\/wp-json\/wp\/v2\/posts"}],"about":[{"href":"https:\/\/agora.xtec.cat\/ceippractiques2-lleida\/wp-json\/wp\/v2\/types\/post"}],"author":[{"embeddable":true,"href":"https:\/\/agora.xtec.cat\/ceippractiques2-lleida\/wp-json\/wp\/v2\/users\/10"}],"replies":[{"embeddable":true,"href":"https:\/\/agora.xtec.cat\/ceippractiques2-lleida\/wp-json\/wp\/v2\/comments?post=3143"}],"version-history":[{"count":2,"href":"https:\/\/agora.xtec.cat\/ceippractiques2-lleida\/wp-json\/wp\/v2\/posts\/3143\/revisions"}],"predecessor-version":[{"id":3148,"href":"https:\/\/agora.xtec.cat\/ceippractiques2-lleida\/wp-json\/wp\/v2\/posts\/3143\/revisions\/3148"}],"wp:attachment":[{"href":"https:\/\/agora.xtec.cat\/ceippractiques2-lleida\/wp-json\/wp\/v2\/media?parent=3143"}],"wp:term":[{"taxonomy":"category","embeddable":true,"href":"https:\/\/agora.xtec.cat\/ceippractiques2-lleida\/wp-json\/wp\/v2\/categories?post=3143"},{"taxonomy":"post_tag","embeddable":true,"href":"https:\/\/agora.xtec.cat\/ceippractiques2-lleida\/wp-json\/wp\/v2\/tags?post=3143"}],"curies":[{"name":"wp","href":"https:\/\/api.w.org\/{rel}","templated":true}]}}