{"id":3011,"date":"2018-11-23T15:16:45","date_gmt":"2018-11-23T14:16:45","guid":{"rendered":"http:\/\/agora.xtec.cat\/ceippractiques2-lleida\/?p=3011"},"modified":"2018-11-23T15:17:36","modified_gmt":"2018-11-23T14:17:36","slug":"cicle-mitja-visita-el-museu-de-lleida","status":"publish","type":"post","link":"https:\/\/agora.xtec.cat\/ceippractiques2-lleida\/portada\/cicle-mitja-visita-el-museu-de-lleida\/","title":{"rendered":"Cicle Mitj\u00e0 visita el Museu de Lleida"},"content":{"rendered":"<p>Aquesta setmana els alumnes de Cicle Mitj\u00e0 de l&#8217;escola han visitat el Museu de Lleida. La tem\u00e0tica de la visita ha girat al voltant del llibre de les mil i una nits. Ens han explicat diferents hist\u00f2ries que s&#8217;inclouen dins aquesta recopilaci\u00f3 de contes.<\/p>\n<p><span style=\"color: #ff0000;\"><strong>Feu clic a la foto per veure la resta d&#8217;imatges de la visita<\/strong><\/span><\/p>\n<p><a href=\"https:\/\/drive.google.com\/open?id=1ckn07sZ8MIfN11hJPouh0rxGLEf9EskV\"><img loading=\"lazy\" decoding=\"async\" class=\"alignnone size-full wp-image-3012\" src=\"https:\/\/agora.xtec.cat\/ceippractiques2-lleida\/wp-content\/uploads\/usu635\/2018\/11\/20181120_114132_opt.jpg\" alt=\"Feu clic\" width=\"800\" height=\"600\" srcset=\"https:\/\/agora.xtec.cat\/ceippractiques2-lleida\/wp-content\/uploads\/usu635\/2018\/11\/20181120_114132_opt.jpg 800w, https:\/\/agora.xtec.cat\/ceippractiques2-lleida\/wp-content\/uploads\/usu635\/2018\/11\/20181120_114132_opt-300x225.jpg 300w, https:\/\/agora.xtec.cat\/ceippractiques2-lleida\/wp-content\/uploads\/usu635\/2018\/11\/20181120_114132_opt-768x576.jpg 768w, https:\/\/agora.xtec.cat\/ceippractiques2-lleida\/wp-content\/uploads\/usu635\/2018\/11\/20181120_114132_opt-200x150.jpg 200w\" sizes=\"auto, (max-width: 800px) 100vw, 800px\" \/><\/a><\/p>\n","protected":false},"excerpt":{"rendered":"<p>Aquesta setmana els alumnes de Cicle Mitj\u00e0 de l&#8217;escola han visitat el Museu de Lleida. La tem\u00e0tica de la visita ha girat al voltant del llibre de les mil i una nits. Ens han explicat diferents hist\u00f2ries que s&#8217;inclouen dins aquesta recopilaci\u00f3 de contes.<br \/>\nFeu clic&hellip;  <a href=\"https:\/\/agora.xtec.cat\/ceippractiques2-lleida\/portada\/cicle-mitja-visita-el-museu-de-lleida\/\" title=\"Read Cicle Mitj\u00e0 visita el Museu de Lleida\">Llegeix m\u00e9s\u00bb<\/a><\/p>\n","protected":false},"author":1,"featured_media":0,"comment_status":"open","ping_status":"closed","sticky":false,"template":"","format":"standard","meta":{"_bbp_topic_count":0,"_bbp_reply_count":0,"_bbp_total_topic_count":0,"_bbp_total_reply_count":0,"_bbp_voice_count":0,"_bbp_anonymous_reply_count":0,"_bbp_topic_count_hidden":0,"_bbp_reply_count_hidden":0,"_bbp_forum_subforum_count":0,"footnotes":""},"categories":[12,13,4],"tags":[75,69,71,72],"class_list":["post-3011","post","type-post","status-publish","format-standard","hentry","category-3r","category-4t","category-portada","tag-museu-de-lleida","tag-quart","tag-sortida","tag-tercer"],"post_mailing_queue_ids":[],"_links":{"self":[{"href":"https:\/\/agora.xtec.cat\/ceippractiques2-lleida\/wp-json\/wp\/v2\/posts\/3011","targetHints":{"allow":["GET"]}}],"collection":[{"href":"https:\/\/agora.xtec.cat\/ceippractiques2-lleida\/wp-json\/wp\/v2\/posts"}],"about":[{"href":"https:\/\/agora.xtec.cat\/ceippractiques2-lleida\/wp-json\/wp\/v2\/types\/post"}],"author":[{"embeddable":true,"href":"https:\/\/agora.xtec.cat\/ceippractiques2-lleida\/wp-json\/wp\/v2\/users\/1"}],"replies":[{"embeddable":true,"href":"https:\/\/agora.xtec.cat\/ceippractiques2-lleida\/wp-json\/wp\/v2\/comments?post=3011"}],"version-history":[{"count":2,"href":"https:\/\/agora.xtec.cat\/ceippractiques2-lleida\/wp-json\/wp\/v2\/posts\/3011\/revisions"}],"predecessor-version":[{"id":3014,"href":"https:\/\/agora.xtec.cat\/ceippractiques2-lleida\/wp-json\/wp\/v2\/posts\/3011\/revisions\/3014"}],"wp:attachment":[{"href":"https:\/\/agora.xtec.cat\/ceippractiques2-lleida\/wp-json\/wp\/v2\/media?parent=3011"}],"wp:term":[{"taxonomy":"category","embeddable":true,"href":"https:\/\/agora.xtec.cat\/ceippractiques2-lleida\/wp-json\/wp\/v2\/categories?post=3011"},{"taxonomy":"post_tag","embeddable":true,"href":"https:\/\/agora.xtec.cat\/ceippractiques2-lleida\/wp-json\/wp\/v2\/tags?post=3011"}],"curies":[{"name":"wp","href":"https:\/\/api.w.org\/{rel}","templated":true}]}}