{"id":3004,"date":"2018-11-21T09:16:50","date_gmt":"2018-11-21T08:16:50","guid":{"rendered":"http:\/\/agora.xtec.cat\/ceippractiques2-lleida\/?p=3004"},"modified":"2018-11-21T09:23:10","modified_gmt":"2018-11-21T08:23:10","slug":"ens-visita-un-contacontes","status":"publish","type":"post","link":"https:\/\/agora.xtec.cat\/ceippractiques2-lleida\/general\/ens-visita-un-contacontes\/","title":{"rendered":"Ens visita un contacontes"},"content":{"rendered":"<p>El passat dijous ens va visitar l\u2019Ivan Rabassa, pare de l\u2019Enric, un alumne de cinqu\u00e8. Aprofitant que a llengua catalana i castellana hav\u00edem treballat la tipologia textual del conte, i que ell a m\u00e9s de mestre tamb\u00e9 \u00e9s contacontes, ens va preparar una activitat on els alumnes creaven una hist\u00f2ria a partir d\u2019unes imatges i unes frases. Ho vam fer per grups i al final les vam compartir amb la resta de la classe. Ens va agradar molt. Gr\u00e0cies Ivan per compartir el teu temps amb nosaltres.<\/p>\n\n","protected":false},"excerpt":{"rendered":"<p>El passat dijous ens va visitar l\u2019Ivan Rabassa, pare de l\u2019Enric, un alumne de cinqu\u00e8. Aprofitant que a llengua catalana i castellana hav\u00edem treballat la tipologia textual del conte, i que ell a m\u00e9s de mestre tamb\u00e9 \u00e9s contacontes, ens va preparar una activitat on&hellip;  <a href=\"https:\/\/agora.xtec.cat\/ceippractiques2-lleida\/general\/ens-visita-un-contacontes\/\" title=\"Read Ens visita un contacontes\">Llegeix m\u00e9s\u00bb<\/a><\/p>\n","protected":false},"author":10,"featured_media":0,"comment_status":"open","ping_status":"closed","sticky":false,"template":"","format":"standard","meta":{"_bbp_topic_count":0,"_bbp_reply_count":0,"_bbp_total_topic_count":0,"_bbp_total_reply_count":0,"_bbp_voice_count":0,"_bbp_anonymous_reply_count":0,"_bbp_topic_count_hidden":0,"_bbp_reply_count_hidden":0,"_bbp_forum_subforum_count":0,"footnotes":""},"categories":[14,1,4],"tags":[],"class_list":["post-3004","post","type-post","status-publish","format-standard","hentry","category-5e","category-general","category-portada"],"post_mailing_queue_ids":[],"_links":{"self":[{"href":"https:\/\/agora.xtec.cat\/ceippractiques2-lleida\/wp-json\/wp\/v2\/posts\/3004","targetHints":{"allow":["GET"]}}],"collection":[{"href":"https:\/\/agora.xtec.cat\/ceippractiques2-lleida\/wp-json\/wp\/v2\/posts"}],"about":[{"href":"https:\/\/agora.xtec.cat\/ceippractiques2-lleida\/wp-json\/wp\/v2\/types\/post"}],"author":[{"embeddable":true,"href":"https:\/\/agora.xtec.cat\/ceippractiques2-lleida\/wp-json\/wp\/v2\/users\/10"}],"replies":[{"embeddable":true,"href":"https:\/\/agora.xtec.cat\/ceippractiques2-lleida\/wp-json\/wp\/v2\/comments?post=3004"}],"version-history":[{"count":1,"href":"https:\/\/agora.xtec.cat\/ceippractiques2-lleida\/wp-json\/wp\/v2\/posts\/3004\/revisions"}],"predecessor-version":[{"id":3006,"href":"https:\/\/agora.xtec.cat\/ceippractiques2-lleida\/wp-json\/wp\/v2\/posts\/3004\/revisions\/3006"}],"wp:attachment":[{"href":"https:\/\/agora.xtec.cat\/ceippractiques2-lleida\/wp-json\/wp\/v2\/media?parent=3004"}],"wp:term":[{"taxonomy":"category","embeddable":true,"href":"https:\/\/agora.xtec.cat\/ceippractiques2-lleida\/wp-json\/wp\/v2\/categories?post=3004"},{"taxonomy":"post_tag","embeddable":true,"href":"https:\/\/agora.xtec.cat\/ceippractiques2-lleida\/wp-json\/wp\/v2\/tags?post=3004"}],"curies":[{"name":"wp","href":"https:\/\/api.w.org\/{rel}","templated":true}]}}