{"id":2934,"date":"2018-10-25T13:29:17","date_gmt":"2018-10-25T11:29:17","guid":{"rendered":"http:\/\/agora.xtec.cat\/ceippractiques2-lleida\/?p=2934"},"modified":"2018-10-25T15:18:49","modified_gmt":"2018-10-25T13:18:49","slug":"miniatletisme-2018","status":"publish","type":"post","link":"https:\/\/agora.xtec.cat\/ceippractiques2-lleida\/general\/miniatletisme-2018\/","title":{"rendered":"Miniatletisme 2018"},"content":{"rendered":"<p>Dissabte, 20 d\u2019octubre,\u00a0 es va celebrar la 17ena jornada de Miniatletisme, organitzada pel Servei d\u2019Esports de la Paeria, \u00a0a les instal\u00b7lacions de la Pista Municipal de les Basses. Els nostres alumnes\u00a0 van poder gaudir de proves atl\u00e8tiques adaptades a les seves edats. A m\u00e9s de carreres, salts i llan\u00e7aments, els alumnes\u00a0 tamb\u00e9 van practicar esports adaptats i una activitat amb el gos d\u2019Agility.<\/p>\n<p><span style=\"color: #ff0000;\">Feu clic a la foto per veure la resta d&#8217;imatges<\/span><\/p>\n<p><a href=\"https:\/\/drive.google.com\/open?id=1Ay5sAyO_fven4UUpa5wN7Qnd6Ok73Whb\"><img loading=\"lazy\" decoding=\"async\" class=\"alignnone wp-image-2936 size-full\" src=\"https:\/\/agora.xtec.cat\/ceippractiques2-lleida\/wp-content\/uploads\/usu635\/2018\/10\/IMG_8066.jpg\" alt=\"\" width=\"640\" height=\"480\" srcset=\"https:\/\/agora.xtec.cat\/ceippractiques2-lleida\/wp-content\/uploads\/usu635\/2018\/10\/IMG_8066.jpg 640w, https:\/\/agora.xtec.cat\/ceippractiques2-lleida\/wp-content\/uploads\/usu635\/2018\/10\/IMG_8066-300x225.jpg 300w, https:\/\/agora.xtec.cat\/ceippractiques2-lleida\/wp-content\/uploads\/usu635\/2018\/10\/IMG_8066-200x150.jpg 200w\" sizes=\"auto, (max-width: 640px) 100vw, 640px\" \/><\/a><\/p>\n","protected":false},"excerpt":{"rendered":"<p>Dissabte, 20 d\u2019octubre,\u00a0 es va celebrar la 17ena jornada de Miniatletisme, organitzada pel Servei d\u2019Esports de la Paeria, \u00a0a les instal\u00b7lacions de la Pista Municipal de les Basses. Els nostres alumnes\u00a0 van poder gaudir de proves atl\u00e8tiques adaptades a les seves edats. A m\u00e9s de&hellip;  <a href=\"https:\/\/agora.xtec.cat\/ceippractiques2-lleida\/general\/miniatletisme-2018\/\" title=\"Read Miniatletisme 2018\">Llegeix m\u00e9s\u00bb<\/a><\/p>\n","protected":false},"author":1,"featured_media":0,"comment_status":"open","ping_status":"closed","sticky":false,"template":"","format":"standard","meta":{"_bbp_topic_count":0,"_bbp_reply_count":0,"_bbp_total_topic_count":0,"_bbp_total_reply_count":0,"_bbp_voice_count":0,"_bbp_anonymous_reply_count":0,"_bbp_topic_count_hidden":0,"_bbp_reply_count_hidden":0,"_bbp_forum_subforum_count":0,"footnotes":""},"categories":[1,4],"tags":[63,62],"class_list":["post-2934","post","type-post","status-publish","format-standard","hentry","category-general","category-portada","tag-atletisme","tag-educacio-fisica"],"post_mailing_queue_ids":[],"_links":{"self":[{"href":"https:\/\/agora.xtec.cat\/ceippractiques2-lleida\/wp-json\/wp\/v2\/posts\/2934","targetHints":{"allow":["GET"]}}],"collection":[{"href":"https:\/\/agora.xtec.cat\/ceippractiques2-lleida\/wp-json\/wp\/v2\/posts"}],"about":[{"href":"https:\/\/agora.xtec.cat\/ceippractiques2-lleida\/wp-json\/wp\/v2\/types\/post"}],"author":[{"embeddable":true,"href":"https:\/\/agora.xtec.cat\/ceippractiques2-lleida\/wp-json\/wp\/v2\/users\/1"}],"replies":[{"embeddable":true,"href":"https:\/\/agora.xtec.cat\/ceippractiques2-lleida\/wp-json\/wp\/v2\/comments?post=2934"}],"version-history":[{"count":4,"href":"https:\/\/agora.xtec.cat\/ceippractiques2-lleida\/wp-json\/wp\/v2\/posts\/2934\/revisions"}],"predecessor-version":[{"id":2939,"href":"https:\/\/agora.xtec.cat\/ceippractiques2-lleida\/wp-json\/wp\/v2\/posts\/2934\/revisions\/2939"}],"wp:attachment":[{"href":"https:\/\/agora.xtec.cat\/ceippractiques2-lleida\/wp-json\/wp\/v2\/media?parent=2934"}],"wp:term":[{"taxonomy":"category","embeddable":true,"href":"https:\/\/agora.xtec.cat\/ceippractiques2-lleida\/wp-json\/wp\/v2\/categories?post=2934"},{"taxonomy":"post_tag","embeddable":true,"href":"https:\/\/agora.xtec.cat\/ceippractiques2-lleida\/wp-json\/wp\/v2\/tags?post=2934"}],"curies":[{"name":"wp","href":"https:\/\/api.w.org\/{rel}","templated":true}]}}