{"id":2886,"date":"2018-06-29T11:00:04","date_gmt":"2018-06-29T09:00:04","guid":{"rendered":"http:\/\/agora.xtec.cat\/ceippractiques2-lleida\/?p=2886"},"modified":"2018-07-31T18:24:59","modified_gmt":"2018-07-31T16:24:59","slug":"calendari-curs-2018-2019","status":"publish","type":"post","link":"https:\/\/agora.xtec.cat\/ceippractiques2-lleida\/general\/calendari-curs-2018-2019\/","title":{"rendered":"Calendari curs 2018 &#8211; 2019"},"content":{"rendered":"<p><span style=\"font-size: 20px; font-family: verdana,geneva,sans-serif;\"><span style=\"color: #008000;\"><strong>Inici de curs: <\/strong><\/span>Dimecres 12 de setembre de 2018.<\/span><br \/>\n<span style=\"font-size: 20px; font-family: verdana,geneva,sans-serif;\"><span style=\"color: #008000;\"> <strong>Acabament de les classes: <\/strong><\/span>Divendres 21 de juny de 2019.<\/span><br \/>\n<span style=\"font-size: 20px; font-family: verdana,geneva,sans-serif;\"> <strong><span style=\"color: #008000;\">Jornada continuada:<\/span><br \/>\n<\/strong>\u2013 Divendres 21 de desembre de 2018.<\/span><br \/>\n<span style=\"font-size: 20px; font-family: verdana,geneva,sans-serif;\"> \u2013 Del dilluns 10 de juny al divendres 21 de juny de 2019.<\/span><br \/>\n<span style=\"font-size: 20px; font-family: verdana,geneva,sans-serif; color: #008000;\"> <strong>Dies de lliure disposici\u00f3 aprovats pel Consell Escolar:<\/strong><\/span><br \/>\n<span style=\"font-size: 20px; font-family: verdana,geneva,sans-serif;\"> \u2013 Divendres 2 de novembre de 2018.<\/span><br \/>\n<span style=\"font-size: 20px; font-family: verdana,geneva,sans-serif;\"> \u2013 Divendres 7 de desembre de 2018.<\/span><br \/>\n<span style=\"font-size: 20px; font-family: verdana,geneva,sans-serif;\"> \u2013 Divendres 1 de mar\u00e7 de 2019.<br \/>\n\u2013 Dilluns 4 de mar\u00e7 de 2019.<br \/>\n\u2013 Divendres 10 de maig de 2019.<br \/>\n<\/span><br \/>\n<span style=\"font-size: 20px; font-family: verdana,geneva,sans-serif;\"> <strong><span style=\"color: #008000;\">Vacances de Nadal:<\/span> <\/strong>del 22 de desembre al 7 de gener de 2019, ambd\u00f3s inclosos.<\/span><br \/>\n<span style=\"font-size: 20px; font-family: verdana,geneva,sans-serif;\"><span style=\"color: #008000;\"> <strong>Vacances de Setmana Santa: <\/strong><\/span>del 13 al 22 d&#8217;abril de 2019, ambd\u00f3s inclosos.<\/span><\/p>\n<p><span style=\"font-size: 20px; font-family: verdana,geneva,sans-serif;\">L\u2019<span style=\"color: #008000;\"><b>horari lectiu<\/b><\/span> del centre \u00e9s de 9 a 12,30 h i de 15,00 a 16,30 h per a tots els alumnes del centre. El dia 21 de desembre de 2018 i a partir del 10 de juny de 2019 es realitza horari compactat de 9 a 13h. (Els alumnes que utilitzen el servei de menjador surten a les 15:00h.)<\/span><\/p>\n<p><span style=\"font-size: 20px; font-family: verdana,geneva,sans-serif;\">Per als alumnes que inicien l\u2019escolaritzaci\u00f3 a P3 s\u2019organitza un breu per\u00edode d\u2019adaptaci\u00f3 que suposa una certa modificaci\u00f3 dels horaris dels tres primers dies de classe, i que es fa saber a les fam\u00edlies en les reunions pr\u00e8vies corresponents.<\/span><\/p>\n<p style=\"text-align: center;\"><a href=\"https:\/\/drive.google.com\/open?id=1ZRi4qpXrIpLLHWbSrKb40ZaLlsOC_aWJ\" target=\"_blank\" rel=\"noopener noreferrer\"><img loading=\"lazy\" decoding=\"async\" class=\"aligncenter wp-image-2903\" src=\"http:\/\/agora.xtec.cat\/ceippractiques2-lleida\/wp-content\/uploads\/usu635\/2018\/06\/Captura-de-pantalla-2018-07-26-a-les-10.22.16-300x233.png\" alt=\"\" width=\"800\" height=\"620\" srcset=\"https:\/\/agora.xtec.cat\/ceippractiques2-lleida\/wp-content\/uploads\/usu635\/2018\/06\/Captura-de-pantalla-2018-07-26-a-les-10.22.16-300x233.png 300w, https:\/\/agora.xtec.cat\/ceippractiques2-lleida\/wp-content\/uploads\/usu635\/2018\/06\/Captura-de-pantalla-2018-07-26-a-les-10.22.16-768x595.png 768w, https:\/\/agora.xtec.cat\/ceippractiques2-lleida\/wp-content\/uploads\/usu635\/2018\/06\/Captura-de-pantalla-2018-07-26-a-les-10.22.16.png 867w\" sizes=\"auto, (max-width: 800px) 100vw, 800px\" \/><\/a><span style=\"color: #008000;\"><em>(Si cliqueu sobre el calendari el podreu imprimir mes per mes)<\/em><\/span><\/p>\n","protected":false},"excerpt":{"rendered":"<p>Inici de curs: Dimecres 12 de setembre de 2018.<br \/>\n Acabament de les classes: Divendres 21 de juny de 2019.<br \/>\n Jornada continuada:<br \/>\n\u2013 Divendres 21 de desembre de 2018.<br \/>\n \u2013 Del dilluns 10 de juny al divendres 21 de juny de 2019.<br \/>\n Dies de lliure disposici\u00f3 aprovats&hellip;  <a href=\"https:\/\/agora.xtec.cat\/ceippractiques2-lleida\/general\/calendari-curs-2018-2019\/\" title=\"Read Calendari curs 2018 &#8211; 2019\">Llegeix m\u00e9s\u00bb<\/a><\/p>\n","protected":false},"author":1,"featured_media":0,"comment_status":"open","ping_status":"closed","sticky":false,"template":"","format":"standard","meta":{"_bbp_topic_count":0,"_bbp_reply_count":0,"_bbp_total_topic_count":0,"_bbp_total_reply_count":0,"_bbp_voice_count":0,"_bbp_anonymous_reply_count":0,"_bbp_topic_count_hidden":0,"_bbp_reply_count_hidden":0,"_bbp_forum_subforum_count":0,"footnotes":""},"categories":[1,4],"tags":[],"class_list":["post-2886","post","type-post","status-publish","format-standard","hentry","category-general","category-portada"],"post_mailing_queue_ids":[],"_links":{"self":[{"href":"https:\/\/agora.xtec.cat\/ceippractiques2-lleida\/wp-json\/wp\/v2\/posts\/2886","targetHints":{"allow":["GET"]}}],"collection":[{"href":"https:\/\/agora.xtec.cat\/ceippractiques2-lleida\/wp-json\/wp\/v2\/posts"}],"about":[{"href":"https:\/\/agora.xtec.cat\/ceippractiques2-lleida\/wp-json\/wp\/v2\/types\/post"}],"author":[{"embeddable":true,"href":"https:\/\/agora.xtec.cat\/ceippractiques2-lleida\/wp-json\/wp\/v2\/users\/1"}],"replies":[{"embeddable":true,"href":"https:\/\/agora.xtec.cat\/ceippractiques2-lleida\/wp-json\/wp\/v2\/comments?post=2886"}],"version-history":[{"count":4,"href":"https:\/\/agora.xtec.cat\/ceippractiques2-lleida\/wp-json\/wp\/v2\/posts\/2886\/revisions"}],"predecessor-version":[{"id":2910,"href":"https:\/\/agora.xtec.cat\/ceippractiques2-lleida\/wp-json\/wp\/v2\/posts\/2886\/revisions\/2910"}],"wp:attachment":[{"href":"https:\/\/agora.xtec.cat\/ceippractiques2-lleida\/wp-json\/wp\/v2\/media?parent=2886"}],"wp:term":[{"taxonomy":"category","embeddable":true,"href":"https:\/\/agora.xtec.cat\/ceippractiques2-lleida\/wp-json\/wp\/v2\/categories?post=2886"},{"taxonomy":"post_tag","embeddable":true,"href":"https:\/\/agora.xtec.cat\/ceippractiques2-lleida\/wp-json\/wp\/v2\/tags?post=2886"}],"curies":[{"name":"wp","href":"https:\/\/api.w.org\/{rel}","templated":true}]}}