{"id":2731,"date":"2018-05-25T16:08:57","date_gmt":"2018-05-25T14:08:57","guid":{"rendered":"http:\/\/agora.xtec.cat\/ceippractiques2-lleida\/?p=2731"},"modified":"2018-06-07T17:03:05","modified_gmt":"2018-06-07T15:03:05","slug":"20a-milla-urbana-escolar-de-lleida","status":"publish","type":"post","link":"https:\/\/agora.xtec.cat\/ceippractiques2-lleida\/general\/20a-milla-urbana-escolar-de-lleida\/","title":{"rendered":"20a MILLA URBANA ESCOLAR DE LLEIDA"},"content":{"rendered":"<p><span style=\"font-size: 20px; font-family: verdana, geneva, sans-serif;\">Els alumnes de Pr\u00e0ctiques II van participar en la 20a Milla Urbana Escolar \u201cMemorial Jeroni Saura\u201d, que es va celebrar dissabte 19 de maig, als Camps Elisis, organitzada pels Servei d\u2019Esports de la Regidoria de Pol\u00edtiques a favor de la Creativitat, la Cultura, l\u2019Educaci\u00f3 i els Esports de l\u2019Ajuntament de Lleida.<\/span><br \/>\n<span style=\"font-size: 20px; font-family: verdana, geneva, sans-serif;\"> Van competit en 12 modalitats de les categories alev\u00ed, benjam\u00ed i prebenjam\u00ed, recorrent dist\u00e0ncies que anaven des dels 300 metres fins a 1 quil\u00f2metre.<\/span><br \/>\n<span style=\"font-size: 20px; font-family: verdana, geneva, sans-serif;\"> Felicitar a tots els nostres atletes i fam\u00edlies pel seu esfor\u00e7 i comprom\u00eds.<\/span><br \/>\n<span style=\"font-size: 20px; font-family: verdana, geneva, sans-serif;\"> Podeu veure els resultats d\u2019aquesta competici\u00f3<\/span><\/p>\n<table style=\"height: 231px;\" border=\"1\" width=\"990\">\n<tbody>\n<tr style=\"height: 30px;\">\n<td style=\"width: 245.333px; text-align: center; height: 30px;\"><strong>NENS\/ES<\/strong><\/td>\n<td style=\"width: 245.333px; height: 30px; background-color: #e3d42b; text-align: center;\"><strong>1r CLASSIFICAT<\/strong><\/td>\n<td style=\"width: 245.333px; height: 30px; background-color: #cfcaca; text-align: center;\"><strong>2n CLASSIFICAT<\/strong><\/td>\n<td style=\"width: 246.667px; height: 30px; background-color: #e09c26; text-align: center;\"><strong>3r CLASSIFICAT<\/strong><\/td>\n<\/tr>\n<tr style=\"height: 30px;\">\n<td style=\"width: 245.333px; height: 30px; background-color: #43e31b;\"><strong>ALEV\u00cd MASCUL\u00cd- 2n any<\/strong><\/td>\n<td style=\"width: 245.333px; height: 30px; text-align: center;\"><\/td>\n<td style=\"width: 245.333px; height: 30px; text-align: center;\"><strong>OTMAN DAHMOUCHI<\/strong><\/td>\n<td style=\"width: 246.667px; height: 30px; text-align: center;\"><\/td>\n<\/tr>\n<tr style=\"height: 30px;\">\n<td style=\"width: 245.333px; height: 30px; background-color: #43e31b;\"><strong>ALEV\u00cd FEMEN\u00cd- 1r any<\/strong><\/td>\n<td style=\"width: 245.333px; height: 30px; text-align: center;\"><\/td>\n<td style=\"width: 245.333px; height: 30px; text-align: center;\"><strong>NAT\u00c0LIA GALINDO<\/strong><\/td>\n<td style=\"width: 246.667px; height: 30px; text-align: center;\"><\/td>\n<\/tr>\n<tr style=\"height: 31px;\">\n<td style=\"width: 245.333px; height: 31px; background-color: #d36bed;\"><strong>BENJAM\u00cd FEMEN\u00cd &#8211; 2 any<\/strong><\/td>\n<td style=\"width: 245.333px; height: 31px; text-align: center;\"><\/td>\n<td style=\"width: 245.333px; height: 31px; text-align: center;\"><strong>MAR CARRERA<\/strong><\/td>\n<td style=\"width: 246.667px; height: 31px; text-align: center;\"><\/td>\n<\/tr>\n<tr style=\"height: 31px;\">\n<td style=\"width: 245.333px; height: 31px; background-color: #ebe726;\"><strong>PREBENJAM\u00cd MASCUL\u00cd- 2 any<\/strong><\/td>\n<td style=\"width: 245.333px; height: 31px; text-align: center;\"><\/td>\n<td style=\"width: 245.333px; height: 31px; text-align: center;\"><\/td>\n<td style=\"width: 246.667px; height: 31px; text-align: center;\"><strong>MART\u00cd TARR\u00d2S<\/strong><\/td>\n<\/tr>\n<tr style=\"height: 31px;\">\n<td style=\"width: 245.333px; height: 31px; background-color: #ebe726;\"><strong>PREBENJAM\u00cd FEMEN\u00cd &#8211; 1r any<\/strong><\/td>\n<td style=\"width: 245.333px; height: 31px; text-align: center;\"><\/td>\n<td style=\"width: 245.333px; height: 31px; text-align: center;\"><\/td>\n<td style=\"width: 246.667px; height: 31px; text-align: center;\"><strong>MONTSE SU\u00c1REZ<\/strong><\/td>\n<\/tr>\n<tr style=\"height: 31px;\">\n<td style=\"width: 245.333px; height: 31px; background-color: #ebe726;\"><strong>PREBENJAM\u00cd MASCUL\u00cd\u00cd &#8211; 1r any<\/strong><\/td>\n<td style=\"width: 245.333px; height: 31px; text-align: center;\"><strong>DAVID IACOB<\/strong><\/td>\n<td style=\"width: 245.333px; height: 31px; text-align: center;\"><\/td>\n<td style=\"width: 246.667px; height: 31px; text-align: center;\"><strong>\u00a0<\/strong><\/td>\n<\/tr>\n<\/tbody>\n<\/table>\n<p>&nbsp;<\/p>\n<p><a href=\"https:\/\/photos.app.goo.gl\/iTIlzcPVajpMX6EG3\" target=\"_blank\" rel=\"noopener noreferrer\"><img loading=\"lazy\" decoding=\"async\" class=\" wp-image-2742 aligncenter\" src=\"http:\/\/agora.xtec.cat\/ceippractiques2-lleida\/wp-content\/uploads\/usu635\/2018\/05\/IMG_4798-300x225.jpg\" alt=\"\" width=\"400\" height=\"300\" srcset=\"https:\/\/agora.xtec.cat\/ceippractiques2-lleida\/wp-content\/uploads\/usu635\/2018\/05\/IMG_4798-300x225.jpg 300w, https:\/\/agora.xtec.cat\/ceippractiques2-lleida\/wp-content\/uploads\/usu635\/2018\/05\/IMG_4798-200x150.jpg 200w, https:\/\/agora.xtec.cat\/ceippractiques2-lleida\/wp-content\/uploads\/usu635\/2018\/05\/IMG_4798.jpg 640w\" sizes=\"auto, (max-width: 400px) 100vw, 400px\" \/><\/a><\/p>\n","protected":false},"excerpt":{"rendered":"<p>Els alumnes de Pr\u00e0ctiques II van participar en la 20a Milla Urbana Escolar \u201cMemorial Jeroni Saura\u201d, que es va celebrar dissabte 19 de maig, als Camps Elisis, organitzada pels Servei d\u2019Esports de la Regidoria de Pol\u00edtiques a favor de la Creativitat, la Cultura, l\u2019Educaci\u00f3 i&hellip;  <a href=\"https:\/\/agora.xtec.cat\/ceippractiques2-lleida\/general\/20a-milla-urbana-escolar-de-lleida\/\" title=\"Read 20a MILLA URBANA ESCOLAR DE LLEIDA\">Llegeix m\u00e9s\u00bb<\/a><\/p>\n","protected":false},"author":1,"featured_media":0,"comment_status":"open","ping_status":"closed","sticky":false,"template":"","format":"standard","meta":{"_bbp_topic_count":0,"_bbp_reply_count":0,"_bbp_total_topic_count":0,"_bbp_total_reply_count":0,"_bbp_voice_count":0,"_bbp_anonymous_reply_count":0,"_bbp_topic_count_hidden":0,"_bbp_reply_count_hidden":0,"_bbp_forum_subforum_count":0,"footnotes":""},"categories":[1,4],"tags":[],"class_list":["post-2731","post","type-post","status-publish","format-standard","hentry","category-general","category-portada"],"post_mailing_queue_ids":[],"_links":{"self":[{"href":"https:\/\/agora.xtec.cat\/ceippractiques2-lleida\/wp-json\/wp\/v2\/posts\/2731","targetHints":{"allow":["GET"]}}],"collection":[{"href":"https:\/\/agora.xtec.cat\/ceippractiques2-lleida\/wp-json\/wp\/v2\/posts"}],"about":[{"href":"https:\/\/agora.xtec.cat\/ceippractiques2-lleida\/wp-json\/wp\/v2\/types\/post"}],"author":[{"embeddable":true,"href":"https:\/\/agora.xtec.cat\/ceippractiques2-lleida\/wp-json\/wp\/v2\/users\/1"}],"replies":[{"embeddable":true,"href":"https:\/\/agora.xtec.cat\/ceippractiques2-lleida\/wp-json\/wp\/v2\/comments?post=2731"}],"version-history":[{"count":3,"href":"https:\/\/agora.xtec.cat\/ceippractiques2-lleida\/wp-json\/wp\/v2\/posts\/2731\/revisions"}],"predecessor-version":[{"id":2803,"href":"https:\/\/agora.xtec.cat\/ceippractiques2-lleida\/wp-json\/wp\/v2\/posts\/2731\/revisions\/2803"}],"wp:attachment":[{"href":"https:\/\/agora.xtec.cat\/ceippractiques2-lleida\/wp-json\/wp\/v2\/media?parent=2731"}],"wp:term":[{"taxonomy":"category","embeddable":true,"href":"https:\/\/agora.xtec.cat\/ceippractiques2-lleida\/wp-json\/wp\/v2\/categories?post=2731"},{"taxonomy":"post_tag","embeddable":true,"href":"https:\/\/agora.xtec.cat\/ceippractiques2-lleida\/wp-json\/wp\/v2\/tags?post=2731"}],"curies":[{"name":"wp","href":"https:\/\/api.w.org\/{rel}","templated":true}]}}