{"id":2704,"date":"2018-05-18T20:54:38","date_gmt":"2018-05-18T18:54:38","guid":{"rendered":"http:\/\/agora.xtec.cat\/ceippractiques2-lleida\/?p=2704"},"modified":"2018-05-24T17:59:47","modified_gmt":"2018-05-24T15:59:47","slug":"hem-participat-al-5e-congres-anna-gene","status":"publish","type":"post","link":"https:\/\/agora.xtec.cat\/ceippractiques2-lleida\/general\/hem-participat-al-5e-congres-anna-gene\/","title":{"rendered":"Hem participat al 5\u00e8 congr\u00e9s Anna Gen\u00e9."},"content":{"rendered":"<p><span style=\"font-size: 20px; font-family: verdana, geneva, sans-serif;\">Una petita representaci\u00f3 de nens i nenes de\u00a0<span class=\"hiddenSpellError\">P5<\/span>\u00a0hem anat aquest dijous al Campus Universitari per presentar un dels cinc tallers\u00a0<span class=\"hiddenSpellError\">internivells<\/span>\u00a0que hem realitzat aquest curs escolar a Educaci\u00f3 Infantil. El taller porta per nom &#8220;llums, ombres i colors&#8221; i\u00a0gr\u00e0cies\u00a0a ell hem descobert el comportament de la llum amb diferents materials<span class=\"hiddenGrammarError\">.<\/span><\/span><br \/>\n<span style=\"font-size: 20px; font-family: verdana, geneva, sans-serif;\"> La presentaci\u00f3 s&#8217;ha fet dins del 5\u00e8 congr\u00e9s de\u00a0Ci\u00e8ncia\u00a0Anna\u00a0<span class=\"hiddenSpellError\">Gen\u00e9<\/span>, ha estat una\u00a0experi\u00e8ncia\u00a0fant\u00e0stica\u00a0i ben aviat podreu veure a la seva web la nostra\u00a0pon\u00e8ncia:\u00a0<a href=\"https:\/\/sites.google.com\/site\/congresannagene\/5e-congres\/fem-ciencia-a-l-escola-congres-anna-gene-no5\" target=\"_blank\" rel=\"noopener noreferrer\"><span class=\"hiddenGrammarError\" style=\"padding-bottom: 2px; background-image: url('..\/..\/..\/..\/..\/images\/squiggle.png'); background-repeat: repeat-x; background-position: left bottom; cursor: default; color: #666666; font-style: normal; font-variant-ligatures: normal; font-variant-caps: normal; font-weight: 300; letter-spacing: normal; text-align: start; text-indent: 0px; text-transform: none; white-space: normal; word-spacing: 0px; -webkit-text-stroke-width: 0px; text-decoration-style: initial; text-decoration-color: initial;\">https:\/\/sites.google.com\/site\/congresannagene\/5e-congres\/fem-ciencia-a-l-escola-congres-anna-gene-no5<\/span><\/a><\/span><\/p>\n<p><span style=\"font-size: 20px; font-family: verdana, geneva, sans-serif;\">Per\u00f2 per anar obrint boca us deixem unes fotos. Esperem que us agradin!<\/span><\/p>\n<p>&nbsp;<\/p>\n\n","protected":false},"excerpt":{"rendered":"<p>Una petita representaci\u00f3 de nens i nenes de\u00a0P5\u00a0hem anat aquest dijous al Campus Universitari per presentar un dels cinc tallers\u00a0internivells\u00a0que hem realitzat aquest curs escolar a Educaci\u00f3 Infantil. El taller porta per nom &#8220;llums, ombres i colors&#8221; i\u00a0gr\u00e0cies\u00a0a ell hem descobert el comportament de la&hellip;  <a href=\"https:\/\/agora.xtec.cat\/ceippractiques2-lleida\/general\/hem-participat-al-5e-congres-anna-gene\/\" title=\"Read Hem participat al 5\u00e8 congr\u00e9s Anna Gen\u00e9.\">Llegeix m\u00e9s\u00bb<\/a><\/p>\n","protected":false},"author":1,"featured_media":0,"comment_status":"open","ping_status":"closed","sticky":false,"template":"","format":"standard","meta":{"_bbp_topic_count":0,"_bbp_reply_count":0,"_bbp_total_topic_count":0,"_bbp_total_reply_count":0,"_bbp_voice_count":0,"_bbp_anonymous_reply_count":0,"_bbp_topic_count_hidden":0,"_bbp_reply_count_hidden":0,"_bbp_forum_subforum_count":0,"footnotes":""},"categories":[2,1,9,4,24],"tags":[],"class_list":["post-2704","post","type-post","status-publish","format-standard","hentry","category-infantil","category-general","category-i5","category-portada","category-tallers"],"post_mailing_queue_ids":[],"_links":{"self":[{"href":"https:\/\/agora.xtec.cat\/ceippractiques2-lleida\/wp-json\/wp\/v2\/posts\/2704","targetHints":{"allow":["GET"]}}],"collection":[{"href":"https:\/\/agora.xtec.cat\/ceippractiques2-lleida\/wp-json\/wp\/v2\/posts"}],"about":[{"href":"https:\/\/agora.xtec.cat\/ceippractiques2-lleida\/wp-json\/wp\/v2\/types\/post"}],"author":[{"embeddable":true,"href":"https:\/\/agora.xtec.cat\/ceippractiques2-lleida\/wp-json\/wp\/v2\/users\/1"}],"replies":[{"embeddable":true,"href":"https:\/\/agora.xtec.cat\/ceippractiques2-lleida\/wp-json\/wp\/v2\/comments?post=2704"}],"version-history":[{"count":3,"href":"https:\/\/agora.xtec.cat\/ceippractiques2-lleida\/wp-json\/wp\/v2\/posts\/2704\/revisions"}],"predecessor-version":[{"id":2729,"href":"https:\/\/agora.xtec.cat\/ceippractiques2-lleida\/wp-json\/wp\/v2\/posts\/2704\/revisions\/2729"}],"wp:attachment":[{"href":"https:\/\/agora.xtec.cat\/ceippractiques2-lleida\/wp-json\/wp\/v2\/media?parent=2704"}],"wp:term":[{"taxonomy":"category","embeddable":true,"href":"https:\/\/agora.xtec.cat\/ceippractiques2-lleida\/wp-json\/wp\/v2\/categories?post=2704"},{"taxonomy":"post_tag","embeddable":true,"href":"https:\/\/agora.xtec.cat\/ceippractiques2-lleida\/wp-json\/wp\/v2\/tags?post=2704"}],"curies":[{"name":"wp","href":"https:\/\/api.w.org\/{rel}","templated":true}]}}