{"id":2519,"date":"2018-03-20T15:45:45","date_gmt":"2018-03-20T14:45:45","guid":{"rendered":"http:\/\/agora.xtec.cat\/ceippractiques2-lleida\/?p=2519"},"modified":"2018-03-24T11:01:03","modified_gmt":"2018-03-24T10:01:03","slug":"per-sant-jordi-llibres","status":"publish","type":"post","link":"https:\/\/agora.xtec.cat\/ceippractiques2-lleida\/portada\/per-sant-jordi-llibres\/","title":{"rendered":"Per Sant Jordi, llibres!"},"content":{"rendered":"<p><span style=\"font-size: 20px; font-family: verdana,geneva,sans-serif;\">Ara, als volts de Sant Jordi, us deixem una llista de llibres agrupats per cursos que hem triat i esperem que algun d&#8217;ell us faci vindre ganes de llegir-lo.<\/span><span style=\"text-decoration: underline;\"><br \/>\n<\/span><\/p>\n<p><span style=\"font-size: 20px; font-family: verdana,geneva,sans-serif;\"><strong>Llibres per a 6\u00e8<\/strong><\/span><\/p>\n<p><span style=\"font-size: 20px; font-family: verdana,geneva,sans-serif;\">En Fabrizio \u00a0pot visitar molts pa\u00efsos en unes <a href=\"http:\/\/agora.xtec.cat\/ceippractiques2-lleida\/wp-content\/uploads\/usu635\/2018\/03\/l6.jpg\"><img loading=\"lazy\" decoding=\"async\" class=\"alignright wp-image-2521\" src=\"http:\/\/agora.xtec.cat\/ceippractiques2-lleida\/wp-content\/uploads\/usu635\/2018\/03\/l6-209x300.jpg\" alt=\"\" width=\"156\" height=\"224\" srcset=\"https:\/\/agora.xtec.cat\/ceippractiques2-lleida\/wp-content\/uploads\/usu635\/2018\/03\/l6-209x300.jpg 209w, https:\/\/agora.xtec.cat\/ceippractiques2-lleida\/wp-content\/uploads\/usu635\/2018\/03\/l6.jpg 347w\" sizes=\"auto, (max-width: 156px) 100vw, 156px\" \/><\/a>quantes setmanes, perqu\u00e8 el seu pare, que \u00e9s\u00a0\u00a0 periodista, se l&#8217;emporta a un llarg viatge on veu i experimenta coses sorprenents i extraordin\u00e0ries. Per\u00f2 no s&#8217;ho guarda per a ell sol: cada vegada que pot, envia un correu electr\u00f2nic als seus amics .<\/span><\/p>\n<p><a href=\"http:\/\/agora.xtec.cat\/ceippractiques2-lleida\/wp-content\/uploads\/usu635\/2018\/03\/l62.jpg\"><img loading=\"lazy\" decoding=\"async\" class=\"wp-image-2522 alignleft\" src=\"http:\/\/agora.xtec.cat\/ceippractiques2-lleida\/wp-content\/uploads\/usu635\/2018\/03\/l62.jpg\" alt=\"\" width=\"149\" height=\"215\" \/><\/a><\/p>\n<p><span style=\"font-size: 20px; font-family: verdana,geneva,sans-serif;\">Aquest llibre s\u2019endinsa dintre el m\u00f3n interior d\u2019un adolescent de tretze anys, Lemeur, un xiquet ens conta el dia a dia a l\u2019escola a trav\u00e9s d\u2019impressions subjectives del m\u00f3n que l\u2019envolta.<\/span><\/p>\n<p><a href=\"http:\/\/agora.xtec.cat\/ceippractiques2-lleida\/wp-content\/uploads\/usu635\/2018\/03\/l63.jpg\"><img loading=\"lazy\" decoding=\"async\" class=\"size-full wp-image-2523 alignright\" src=\"http:\/\/agora.xtec.cat\/ceippractiques2-lleida\/wp-content\/uploads\/usu635\/2018\/03\/l63.jpg\" alt=\"\" width=\"143\" height=\"207\" \/><\/a><\/p>\n<p><span style=\"font-size: 20px; font-family: verdana,geneva,sans-serif;\">L\u2019 Eva Gordon \u00e9s una nena rica i consentida que ho t\u00e9 tot. Per\u00f2 quan el pare perd la feina i ella ha de canviar de casa i d\u2019escola. I est\u00e0 decidida a odiar la seva nova vida.<\/span><\/p>\n<p>&nbsp;<\/p>\n<p><span style=\"font-size: 20px; font-family: verdana,geneva,sans-serif;\"><strong>Llibres per a 5\u00e8 \u00a0\u00a0\u00a0\u00a0\u00a0\u00a0\u00a0\u00a0\u00a0\u00a0\u00a0\u00a0\u00a0\u00a0\u00a0\u00a0\u00a0\u00a0\u00a0\u00a0\u00a0\u00a0\u00a0\u00a0\u00a0\u00a0\u00a0\u00a0\u00a0\u00a0\u00a0\u00a0\u00a0\u00a0\u00a0\u00a0\u00a0\u00a0\u00a0\u00a0\u00a0\u00a0\u00a0\u00a0\u00a0\u00a0\u00a0\u00a0\u00a0 <\/strong><\/span><\/p>\n<p><span style=\"font-size: 20px; font-family: verdana,geneva,sans-serif;\">Quan els meus pares es van separar, no sabien qu\u00e8 fer amb mi. La meva fam\u00edlia vivia a la<a href=\"http:\/\/agora.xtec.cat\/ceippractiques2-lleida\/wp-content\/uploads\/usu635\/2018\/03\/l5.jpg\"><img loading=\"lazy\" decoding=\"async\" class=\"alignright size-full wp-image-2526\" src=\"http:\/\/agora.xtec.cat\/ceippractiques2-lleida\/wp-content\/uploads\/usu635\/2018\/03\/l5.jpg\" alt=\"\" width=\"159\" height=\"229\" \/><\/a> Caseta de la Morera. La mare, el pare, jo i el Rave, el meu conillet de peluix. Per\u00f2 ara la mare viu amb Bill el mandril i els seus tres fills. El pare viu amb la Carrie i els bessons. I jo, on visc jo? Doncs, visc amb una maleta. Una setmana amb la nova fam\u00edlia de la mare i una setmana amb la del pare. \u00c9s tan f\u00e0cil com l&#8217;abecedari. Aix\u00f2 \u00e9s el que diu tothom. Per\u00f2 jo nom\u00e9s vull tornar a casa, a la Caseta de la Morera.<\/span><\/p>\n<p><span style=\"font-size: 20px; font-family: verdana,geneva,sans-serif;\"><strong><br \/>\nLlibre de poesia<\/strong><\/span><\/p>\n<p><span style=\"font-size: 20px; font-family: verdana,geneva,sans-serif;\">Alternen els poemes de gossos i gats, cadasc\u00fa <a href=\"http:\/\/agora.xtec.cat\/ceippractiques2-lleida\/wp-content\/uploads\/usu635\/2018\/03\/l51.jpg\"><img loading=\"lazy\" decoding=\"async\" class=\"wp-image-2527 alignleft\" src=\"http:\/\/agora.xtec.cat\/ceippractiques2-lleida\/wp-content\/uploads\/usu635\/2018\/03\/l51-208x300.jpg\" alt=\"\" width=\"163\" height=\"235\" srcset=\"https:\/\/agora.xtec.cat\/ceippractiques2-lleida\/wp-content\/uploads\/usu635\/2018\/03\/l51-208x300.jpg 208w, https:\/\/agora.xtec.cat\/ceippractiques2-lleida\/wp-content\/uploads\/usu635\/2018\/03\/l51.jpg 416w\" sizes=\"auto, (max-width: 163px) 100vw, 163px\" \/><\/a>quin m\u00e9s estrany i &#8220;ressalat&#8221;. Gats nocturns, gats presumits, gats amagats, gats porucs, gats invisibles, gats xerraires&#8230; que es barregen amb gossos nocturns, gossos ferotges, gossos abandonats, gossos ca\u00e7adors, gossos lectors&#8230; Un m\u00f3n po\u00e8tic de gats i gossos versificats.<\/span><\/p>\n<p><a href=\"http:\/\/agora.xtec.cat\/ceippractiques2-lleida\/wp-content\/uploads\/usu635\/2018\/03\/l52.jpg\"><img loading=\"lazy\" decoding=\"async\" class=\"alignright wp-image-2528\" src=\"http:\/\/agora.xtec.cat\/ceippractiques2-lleida\/wp-content\/uploads\/usu635\/2018\/03\/l52-189x300.jpg\" alt=\"\" width=\"143\" height=\"227\" srcset=\"https:\/\/agora.xtec.cat\/ceippractiques2-lleida\/wp-content\/uploads\/usu635\/2018\/03\/l52-189x300.jpg 189w, https:\/\/agora.xtec.cat\/ceippractiques2-lleida\/wp-content\/uploads\/usu635\/2018\/03\/l52.jpg 315w\" sizes=\"auto, (max-width: 143px) 100vw, 143px\" \/><\/a><\/p>\n<p><span style=\"font-size: 20px; font-family: verdana,geneva,sans-serif;\">La Martina, la Daniela i el Joan, juntament amb els pares, tornen a passar uns dies de vacances a Can Dalmau, al poble de Moltmort. All\u00e0 retroben els seus amics, la Julieta i l&#8217;Adri\u00e0, el Frederic&#8230; Per\u00f2 tamb\u00e9 coneixen la Cirera, la cuinera encarregada de fer els menjars per als hostes de la masia. \u00c9s una dona estranya que els diu que \u00e9s una bruixa.<\/span><\/p>\n<p><span style=\"font-size: 20px; font-family: verdana,geneva,sans-serif;\"><strong><br \/>\nLlibres per a 3r i 4t<a href=\"http:\/\/agora.xtec.cat\/ceippractiques2-lleida\/wp-content\/uploads\/usu635\/2018\/03\/l3.jpg\"><img loading=\"lazy\" decoding=\"async\" class=\"alignright size-full wp-image-2530\" src=\"http:\/\/agora.xtec.cat\/ceippractiques2-lleida\/wp-content\/uploads\/usu635\/2018\/03\/l3.jpg\" alt=\"\" width=\"143\" height=\"205\" \/><\/a><\/strong><\/span><\/p>\n<p><span style=\"font-size: 20px; font-family: verdana,geneva,sans-serif;\">Despr\u00e9s d&#8217;un llamp eixordador que els transporta en el temps, els Vallbona van a parar a un vaixell pirata.En aquest viatge en el temps, els Vallbona van a parar a un gali\u00f3 pirata,\u00a0 i comparteixen aventures amb el temible Capanegra i amb la capitana pirata Anna la p\u00e8l-roja<\/span><\/p>\n<p><span style=\"font-size: 20px; font-family: verdana,geneva,sans-serif;\"><a href=\"http:\/\/agora.xtec.cat\/ceippractiques2-lleida\/wp-content\/uploads\/usu635\/2018\/03\/l31.jpg\"><img loading=\"lazy\" decoding=\"async\" class=\"alignright size-full wp-image-2531\" src=\"http:\/\/agora.xtec.cat\/ceippractiques2-lleida\/wp-content\/uploads\/usu635\/2018\/03\/l31.jpg\" alt=\"\" width=\"143\" height=\"209\" \/><\/a><\/span><\/p>\n<p><span style=\"font-size: 20px; font-family: verdana,geneva,sans-serif;\">\u00a0\u00a0\u00a0\u00a0\u00a0\u00a0\u00a0\u00a0\u00a0\u00a0\u00a0\u00a0\u00a0\u00a0\u00a0\u00a0\u00a0\u00a0\u00a0\u00a0\u00a0\u00a0\u00a0\u00a0\u00a0\u00a0\u00a0\u00a0\u00a0\u00a0 L&#8217;Emma \u00e9s nova a l&#8217;escola i<br \/>\nvol domi<a href=\"http:\/\/agora.xtec.cat\/ceippractiques2-lleida\/wp-content\/uploads\/usu635\/2018\/03\/l32.jpg\"><img loading=\"lazy\" decoding=\"async\" class=\" wp-image-2532 alignleft\" src=\"http:\/\/agora.xtec.cat\/ceippractiques2-lleida\/wp-content\/uploads\/usu635\/2018\/03\/l32-193x300.jpg\" alt=\"\" width=\"157\" height=\"244\" srcset=\"https:\/\/agora.xtec.cat\/ceippractiques2-lleida\/wp-content\/uploads\/usu635\/2018\/03\/l32-193x300.jpg 193w, https:\/\/agora.xtec.cat\/ceippractiques2-lleida\/wp-content\/uploads\/usu635\/2018\/03\/l32.jpg 250w\" sizes=\"auto, (max-width: 157px) 100vw, 157px\" \/><\/a>nar tota la classe.<\/span><\/p>\n<p><span style=\"font-size: 20px; font-family: verdana,geneva,sans-serif;\"><strong>\u00a0<\/strong><\/span><\/p>\n<p><span style=\"font-size: 20px; font-family: verdana,geneva,sans-serif;\"><strong>\u00a0 <\/strong>Hi ha una guerra i el pare de l\u2019Ela ha d\u2019anar a fer de soldat, i ella es queda amb la seva \u00e0via, perqu\u00e8 la mare fa temps que viu en un altre pa\u00eds.<\/span><\/p>\n<p><span style=\"font-size: 20px; font-family: verdana,geneva,sans-serif;\"><strong>\u00a0<\/strong><\/span><\/p>\n<p><span style=\"font-size: 20px; font-family: verdana,geneva,sans-serif;\"><strong>Llibres per a 1r i 2n <\/strong><\/span><\/p>\n<table style=\"width: 703px;\">\n<tbody>\n<tr>\n<td style=\"width: 242px;\"><a href=\"http:\/\/agora.xtec.cat\/ceippractiques2-lleida\/wp-content\/uploads\/usu635\/2018\/03\/l1.jpg\"><img loading=\"lazy\" decoding=\"async\" class=\" wp-image-2533 aligncenter\" src=\"http:\/\/agora.xtec.cat\/ceippractiques2-lleida\/wp-content\/uploads\/usu635\/2018\/03\/l1.jpg\" alt=\"\" width=\"160\" height=\"244\" \/><\/a><\/p>\n<p><span style=\"font-size: 16px; font-family: verdana,geneva,sans-serif;\">En Corn\u00e8lius \u00e9s el tiet del Pau, per\u00f2 tamb\u00e9 \u00e9s el director d&#8217;una orquestra molt peculiar.<\/span><\/td>\n<td style=\"width: 220px;\"><a href=\"http:\/\/agora.xtec.cat\/ceippractiques2-lleida\/wp-content\/uploads\/usu635\/2018\/03\/l12.jpg\"><img loading=\"lazy\" decoding=\"async\" class=\"size-full wp-image-2534 aligncenter\" src=\"http:\/\/agora.xtec.cat\/ceippractiques2-lleida\/wp-content\/uploads\/usu635\/2018\/03\/l12.jpg\" alt=\"\" width=\"175\" height=\"269\" \/><\/a><span style=\"font-size: 16px; font-family: verdana,geneva,sans-serif;\">En Gat\u00e0s \u00e9s un gat gran i fort, i t\u00e9 el nas aixafat de tantes baralles. I sempre el segueixen.<\/span><\/td>\n<td style=\"width: 229px;\"><a href=\"http:\/\/agora.xtec.cat\/ceippractiques2-lleida\/wp-content\/uploads\/usu635\/2018\/03\/l14.jpg\"><img loading=\"lazy\" decoding=\"async\" class=\"wp-image-2535 aligncenter\" src=\"http:\/\/agora.xtec.cat\/ceippractiques2-lleida\/wp-content\/uploads\/usu635\/2018\/03\/l14-300x300.jpg\" alt=\"\" width=\"212\" height=\"212\" srcset=\"https:\/\/agora.xtec.cat\/ceippractiques2-lleida\/wp-content\/uploads\/usu635\/2018\/03\/l14-300x300.jpg 300w, https:\/\/agora.xtec.cat\/ceippractiques2-lleida\/wp-content\/uploads\/usu635\/2018\/03\/l14-150x150.jpg 150w, https:\/\/agora.xtec.cat\/ceippractiques2-lleida\/wp-content\/uploads\/usu635\/2018\/03\/l14.jpg 340w\" sizes=\"auto, (max-width: 212px) 100vw, 212px\" \/><\/a><span style=\"font-size: 16px; font-family: verdana,geneva,sans-serif;\">\u00c0lbum il\u00b7lustrat per descobir l&#8217;art i la poesia de la natura. Per descobrir el que s&#8217;amaga al fons del mar!<\/span><\/td>\n<\/tr>\n<\/tbody>\n<\/table>\n<p><span style=\"font-size: 20px; font-family: verdana,geneva,sans-serif;\"><a href=\"http:\/\/agora.xtec.cat\/ceippractiques2-lleida\/wp-content\/uploads\/usu635\/2018\/03\/l15.gif\"><img loading=\"lazy\" decoding=\"async\" class=\"size-full wp-image-2536 alignright\" src=\"http:\/\/agora.xtec.cat\/ceippractiques2-lleida\/wp-content\/uploads\/usu635\/2018\/03\/l15.gif\" alt=\"\" width=\"136\" height=\"200\" \/><\/a><\/span><\/p>\n<p><span style=\"font-size: 20px; font-family: verdana,geneva,sans-serif;\">\u00a0 El cavaller Sant Jordi vol v\u00e8ncer el drac com sigui, per\u00f2 no li ser\u00e0 tan f\u00e0cil com es pensa. El drac \u00e9s molt espavilat! Tant, que al final li donar\u00e0 una gran sorpresa inesperada.\u00a0<\/span><\/p>\n<p>&nbsp;<\/p>\n<p><span style=\"font-size: 20px; font-family: verdana,geneva,sans-serif;\"><strong>Llibres 3 \u2013 4 \u2013 5 anys <\/strong><\/span><\/p>\n<table style=\"width: 612px; height: 754px;\">\n<tbody>\n<tr style=\"height: 356px;\">\n<td style=\"width: 324.567px; height: 356px;\"><span style=\"font-size: 20px; font-family: verdana,geneva,sans-serif;\"><strong><a href=\"http:\/\/agora.xtec.cat\/ceippractiques2-lleida\/wp-content\/uploads\/usu635\/2018\/03\/i3.jpg\"><img loading=\"lazy\" decoding=\"async\" class=\"size-medium wp-image-2539 aligncenter\" src=\"http:\/\/agora.xtec.cat\/ceippractiques2-lleida\/wp-content\/uploads\/usu635\/2018\/03\/i3-133x300.jpg\" alt=\"\" width=\"133\" height=\"300\" srcset=\"https:\/\/agora.xtec.cat\/ceippractiques2-lleida\/wp-content\/uploads\/usu635\/2018\/03\/i3-133x300.jpg 133w, https:\/\/agora.xtec.cat\/ceippractiques2-lleida\/wp-content\/uploads\/usu635\/2018\/03\/i3.jpg 250w\" sizes=\"auto, (max-width: 133px) 100vw, 133px\" \/><\/a><\/strong><\/span><span style=\"font-size: 16px; font-family: verdana,geneva,sans-serif;\"> Un llibre d\u2019observaci\u00f3 i d\u2019atenci\u00f3.<\/span><\/td>\n<td style=\"width: 279.433px; height: 356px;\"><span style=\"font-size: 20px; font-family: verdana,geneva,sans-serif;\"><strong><a href=\"http:\/\/agora.xtec.cat\/ceippractiques2-lleida\/wp-content\/uploads\/usu635\/2018\/03\/12.jpg\"><img loading=\"lazy\" decoding=\"async\" class=\"alignright size-medium wp-image-2538\" src=\"http:\/\/agora.xtec.cat\/ceippractiques2-lleida\/wp-content\/uploads\/usu635\/2018\/03\/12.jpg\" alt=\"\" width=\"218\" height=\"218\" srcset=\"https:\/\/agora.xtec.cat\/ceippractiques2-lleida\/wp-content\/uploads\/usu635\/2018\/03\/12.jpg 218w, https:\/\/agora.xtec.cat\/ceippractiques2-lleida\/wp-content\/uploads\/usu635\/2018\/03\/12-150x150.jpg 150w\" sizes=\"auto, (max-width: 218px) 100vw, 218px\" \/><\/a><\/strong><\/span><\/td>\n<\/tr>\n<tr style=\"height: 356px;\">\n<td style=\"width: 324.567px; height: 356px;\"><span style=\"font-size: 20px; font-family: verdana,geneva,sans-serif;\"><strong><a href=\"http:\/\/agora.xtec.cat\/ceippractiques2-lleida\/wp-content\/uploads\/usu635\/2018\/03\/i4.jpg\"><img loading=\"lazy\" decoding=\"async\" class=\"size-medium wp-image-2540 aligncenter\" src=\"http:\/\/agora.xtec.cat\/ceippractiques2-lleida\/wp-content\/uploads\/usu635\/2018\/03\/i4-233x300.jpg\" alt=\"\" width=\"233\" height=\"300\" srcset=\"https:\/\/agora.xtec.cat\/ceippractiques2-lleida\/wp-content\/uploads\/usu635\/2018\/03\/i4-233x300.jpg 233w, https:\/\/agora.xtec.cat\/ceippractiques2-lleida\/wp-content\/uploads\/usu635\/2018\/03\/i4.jpg 600w\" sizes=\"auto, (max-width: 233px) 100vw, 233px\" \/><\/a><\/strong><span style=\"font-size: 16px;\">Receptes de cuina per a restaurants de\u00a0 tres estrelles negres<\/span><\/span><\/td>\n<td style=\"width: 279.433px; height: 356px;\"><span style=\"font-size: 20px; font-family: verdana,geneva,sans-serif;\"><strong><a href=\"http:\/\/agora.xtec.cat\/ceippractiques2-lleida\/wp-content\/uploads\/usu635\/2018\/03\/i1.jpg\"><img loading=\"lazy\" decoding=\"async\" class=\"wp-image-2537 aligncenter\" src=\"http:\/\/agora.xtec.cat\/ceippractiques2-lleida\/wp-content\/uploads\/usu635\/2018\/03\/i1.jpg\" alt=\"\" width=\"203\" height=\"203\" \/><\/a><\/strong><\/span><\/td>\n<\/tr>\n<\/tbody>\n<\/table>\n","protected":false},"excerpt":{"rendered":"<p>Ara, als volts de Sant Jordi, us deixem una llista de llibres agrupats per cursos que hem triat i esperem que algun d&#8217;ell us faci vindre ganes de llegir-lo.<\/p>\n<p>Llibres per a 6\u00e8<br \/>\nEn Fabrizio \u00a0pot visitar molts pa\u00efsos en unes <a href=\"http:\/\/agora.xtec.cat\/ceippractiques2-lleida\/wp-content\/uploads\/usu635\/2018\/03\/l6.jpg\"><\/a>quantes setmanes, perqu\u00e8 el seu&hellip;  <a href=\"https:\/\/agora.xtec.cat\/ceippractiques2-lleida\/portada\/per-sant-jordi-llibres\/\" title=\"Read Per Sant Jordi, llibres!\">Llegeix m\u00e9s\u00bb<\/a><\/p>\n","protected":false},"author":1,"featured_media":0,"comment_status":"open","ping_status":"closed","sticky":false,"template":"","format":"standard","meta":{"_bbp_topic_count":0,"_bbp_reply_count":0,"_bbp_total_topic_count":0,"_bbp_total_reply_count":0,"_bbp_voice_count":0,"_bbp_anonymous_reply_count":0,"_bbp_topic_count_hidden":0,"_bbp_reply_count_hidden":0,"_bbp_forum_subforum_count":0,"footnotes":""},"categories":[4],"tags":[],"class_list":["post-2519","post","type-post","status-publish","format-standard","hentry","category-portada"],"post_mailing_queue_ids":[],"_links":{"self":[{"href":"https:\/\/agora.xtec.cat\/ceippractiques2-lleida\/wp-json\/wp\/v2\/posts\/2519","targetHints":{"allow":["GET"]}}],"collection":[{"href":"https:\/\/agora.xtec.cat\/ceippractiques2-lleida\/wp-json\/wp\/v2\/posts"}],"about":[{"href":"https:\/\/agora.xtec.cat\/ceippractiques2-lleida\/wp-json\/wp\/v2\/types\/post"}],"author":[{"embeddable":true,"href":"https:\/\/agora.xtec.cat\/ceippractiques2-lleida\/wp-json\/wp\/v2\/users\/1"}],"replies":[{"embeddable":true,"href":"https:\/\/agora.xtec.cat\/ceippractiques2-lleida\/wp-json\/wp\/v2\/comments?post=2519"}],"version-history":[{"count":3,"href":"https:\/\/agora.xtec.cat\/ceippractiques2-lleida\/wp-json\/wp\/v2\/posts\/2519\/revisions"}],"predecessor-version":[{"id":2546,"href":"https:\/\/agora.xtec.cat\/ceippractiques2-lleida\/wp-json\/wp\/v2\/posts\/2519\/revisions\/2546"}],"wp:attachment":[{"href":"https:\/\/agora.xtec.cat\/ceippractiques2-lleida\/wp-json\/wp\/v2\/media?parent=2519"}],"wp:term":[{"taxonomy":"category","embeddable":true,"href":"https:\/\/agora.xtec.cat\/ceippractiques2-lleida\/wp-json\/wp\/v2\/categories?post=2519"},{"taxonomy":"post_tag","embeddable":true,"href":"https:\/\/agora.xtec.cat\/ceippractiques2-lleida\/wp-json\/wp\/v2\/tags?post=2519"}],"curies":[{"name":"wp","href":"https:\/\/api.w.org\/{rel}","templated":true}]}}