{"id":2512,"date":"2018-02-28T17:54:45","date_gmt":"2018-02-28T16:54:45","guid":{"rendered":"http:\/\/agora.xtec.cat\/ceippractiques2-lleida\/?p=2512"},"modified":"2018-03-01T14:55:02","modified_gmt":"2018-03-01T13:55:02","slug":"joan-miro-ens-inspira","status":"publish","type":"post","link":"https:\/\/agora.xtec.cat\/ceippractiques2-lleida\/general\/joan-miro-ens-inspira\/","title":{"rendered":"Joan Mir\u00f3 ens inspira."},"content":{"rendered":"<p>Aquest curs les nenes i els nens d&#8217;Educaci\u00f3 infantil tamb\u00e9 realitzem un taller sobre Joan Mir\u00f3. En primer lloc, hem fet una aproximaci\u00f3 a la seva obra i hem vist quines t\u00e8cniques i quins colors utilitzava i els principals elements<span class=\"hiddenGrammarError\">\u00a0.<\/span>\u00a0Durant la primera i segona sessi\u00f3 hem reprodu\u00eft el quadre &#8220;El vol de la lib\u00e8l\u00b7lula davant del sol&#8221;. Per acabar, els infants han creat\u00a0lliurement\u00a0una obra inspirada en Mir\u00f3.<\/p>\n","protected":false},"excerpt":{"rendered":"<p>Aquest curs les nenes i els nens d&#8217;Educaci\u00f3 infantil tamb\u00e9 realitzem un taller sobre Joan Mir\u00f3. En primer lloc, hem fet una aproximaci\u00f3 a la seva obra i hem vist quines t\u00e8cniques i quins colors utilitzava i els principals elements\u00a0.\u00a0Durant la primera i segona sessi\u00f3&hellip;  <a href=\"https:\/\/agora.xtec.cat\/ceippractiques2-lleida\/general\/joan-miro-ens-inspira\/\" title=\"Read Joan Mir\u00f3 ens inspira.\">Llegeix m\u00e9s\u00bb<\/a><\/p>\n","protected":false},"author":1,"featured_media":0,"comment_status":"open","ping_status":"closed","sticky":false,"template":"","format":"standard","meta":{"_bbp_topic_count":0,"_bbp_reply_count":0,"_bbp_total_topic_count":0,"_bbp_total_reply_count":0,"_bbp_voice_count":0,"_bbp_anonymous_reply_count":0,"_bbp_topic_count_hidden":0,"_bbp_reply_count_hidden":0,"_bbp_forum_subforum_count":0,"footnotes":""},"categories":[2,1,3,8,9,4,24],"tags":[],"class_list":["post-2512","post","type-post","status-publish","format-standard","hentry","category-infantil","category-general","category-i3","category-i4","category-i5","category-portada","category-tallers"],"post_mailing_queue_ids":[],"_links":{"self":[{"href":"https:\/\/agora.xtec.cat\/ceippractiques2-lleida\/wp-json\/wp\/v2\/posts\/2512","targetHints":{"allow":["GET"]}}],"collection":[{"href":"https:\/\/agora.xtec.cat\/ceippractiques2-lleida\/wp-json\/wp\/v2\/posts"}],"about":[{"href":"https:\/\/agora.xtec.cat\/ceippractiques2-lleida\/wp-json\/wp\/v2\/types\/post"}],"author":[{"embeddable":true,"href":"https:\/\/agora.xtec.cat\/ceippractiques2-lleida\/wp-json\/wp\/v2\/users\/1"}],"replies":[{"embeddable":true,"href":"https:\/\/agora.xtec.cat\/ceippractiques2-lleida\/wp-json\/wp\/v2\/comments?post=2512"}],"version-history":[{"count":1,"href":"https:\/\/agora.xtec.cat\/ceippractiques2-lleida\/wp-json\/wp\/v2\/posts\/2512\/revisions"}],"predecessor-version":[{"id":2513,"href":"https:\/\/agora.xtec.cat\/ceippractiques2-lleida\/wp-json\/wp\/v2\/posts\/2512\/revisions\/2513"}],"wp:attachment":[{"href":"https:\/\/agora.xtec.cat\/ceippractiques2-lleida\/wp-json\/wp\/v2\/media?parent=2512"}],"wp:term":[{"taxonomy":"category","embeddable":true,"href":"https:\/\/agora.xtec.cat\/ceippractiques2-lleida\/wp-json\/wp\/v2\/categories?post=2512"},{"taxonomy":"post_tag","embeddable":true,"href":"https:\/\/agora.xtec.cat\/ceippractiques2-lleida\/wp-json\/wp\/v2\/tags?post=2512"}],"curies":[{"name":"wp","href":"https:\/\/api.w.org\/{rel}","templated":true}]}}