{"id":2460,"date":"2018-02-09T16:21:14","date_gmt":"2018-02-09T15:21:14","guid":{"rendered":"http:\/\/agora.xtec.cat\/ceippractiques2-lleida\/?p=2460"},"modified":"2018-02-20T15:23:44","modified_gmt":"2018-02-20T14:23:44","slug":"portes-obertes","status":"publish","type":"post","link":"https:\/\/agora.xtec.cat\/ceippractiques2-lleida\/general\/portes-obertes\/","title":{"rendered":"Portes obertes"},"content":{"rendered":"<p><a href=\"http:\/\/agora.xtec.cat\/ceippractiques2-lleida\/wp-content\/uploads\/usu635\/2018\/02\/portesobertesa.png\"><img loading=\"lazy\" decoding=\"async\" class=\" wp-image-2462 alignleft\" src=\"http:\/\/agora.xtec.cat\/ceippractiques2-lleida\/wp-content\/uploads\/usu635\/2018\/02\/portesobertesa-264x300.png\" alt=\"\" width=\"343\" height=\"390\" srcset=\"https:\/\/agora.xtec.cat\/ceippractiques2-lleida\/wp-content\/uploads\/usu635\/2018\/02\/portesobertesa-264x300.png 264w, https:\/\/agora.xtec.cat\/ceippractiques2-lleida\/wp-content\/uploads\/usu635\/2018\/02\/portesobertesa-768x871.png 768w, https:\/\/agora.xtec.cat\/ceippractiques2-lleida\/wp-content\/uploads\/usu635\/2018\/02\/portesobertesa.png 795w\" sizes=\"auto, (max-width: 343px) 100vw, 343px\" \/><\/a><\/p>\n<p><span style=\"font-size: 20px; font-family: verdana, geneva, sans-serif;\">El proper dijous 1 de mar\u00e7 a les 18 h. es dur\u00e0 a terme una jornada de portes obertes per a totes les fam\u00edlies que esteu interessades en con\u00e8ixer el nostre centre.<\/span><\/p>\n<p><span style=\"font-size: 20px; font-family: verdana, geneva, sans-serif;\">L&#8217;equip directiu i professores d&#8217;educaci\u00f3 infantil us mostraran l&#8217;escola i us informaran de la nostra oferta educativa\u00a0 i dels serveix que us oferim per al curs 2018-2019.<\/span><\/p>\n<p>&nbsp;<\/p>\n<p>&nbsp;<\/p>\n<p><span style=\"font-size: 20px; font-family: verdana, geneva, sans-serif;\"><br \/>\n<a href=\"http:\/\/agora.xtec.cat\/ceippractiques2-lleida\/wp-content\/uploads\/usu635\/2018\/02\/preinscripcio4.png\"><img loading=\"lazy\" decoding=\"async\" class=\"aligncenter wp-image-2470\" src=\"http:\/\/agora.xtec.cat\/ceippractiques2-lleida\/wp-content\/uploads\/usu635\/2018\/02\/preinscripcio4-300x194.png\" alt=\"\" width=\"620\" height=\"401\" srcset=\"https:\/\/agora.xtec.cat\/ceippractiques2-lleida\/wp-content\/uploads\/usu635\/2018\/02\/preinscripcio4-300x194.png 300w, https:\/\/agora.xtec.cat\/ceippractiques2-lleida\/wp-content\/uploads\/usu635\/2018\/02\/preinscripcio4-768x497.png 768w, https:\/\/agora.xtec.cat\/ceippractiques2-lleida\/wp-content\/uploads\/usu635\/2018\/02\/preinscripcio4.png 992w\" sizes=\"auto, (max-width: 620px) 100vw, 620px\" \/><\/a><\/span><\/p>\n","protected":false},"excerpt":{"rendered":"<p><a href=\"http:\/\/agora.xtec.cat\/ceippractiques2-lleida\/wp-content\/uploads\/usu635\/2018\/02\/portesobertesa.png\"><\/a><br \/>\nEl proper dijous 1 de mar\u00e7 a les 18 h. es dur\u00e0 a terme una jornada de portes obertes per a totes les fam\u00edlies que esteu interessades en con\u00e8ixer el nostre centre.<br \/>\nL&#8217;equip directiu i professores d&#8217;educaci\u00f3 infantil us mostraran l&#8217;escola i us informaran de&hellip;  <a href=\"https:\/\/agora.xtec.cat\/ceippractiques2-lleida\/general\/portes-obertes\/\" title=\"Read Portes obertes\">Llegeix m\u00e9s\u00bb<\/a><\/p>\n","protected":false},"author":1,"featured_media":0,"comment_status":"open","ping_status":"closed","sticky":false,"template":"","format":"standard","meta":{"_bbp_topic_count":0,"_bbp_reply_count":0,"_bbp_total_topic_count":0,"_bbp_total_reply_count":0,"_bbp_voice_count":0,"_bbp_anonymous_reply_count":0,"_bbp_topic_count_hidden":0,"_bbp_reply_count_hidden":0,"_bbp_forum_subforum_count":0,"footnotes":""},"categories":[1,4],"tags":[],"class_list":["post-2460","post","type-post","status-publish","format-standard","hentry","category-general","category-portada"],"post_mailing_queue_ids":[],"_links":{"self":[{"href":"https:\/\/agora.xtec.cat\/ceippractiques2-lleida\/wp-json\/wp\/v2\/posts\/2460","targetHints":{"allow":["GET"]}}],"collection":[{"href":"https:\/\/agora.xtec.cat\/ceippractiques2-lleida\/wp-json\/wp\/v2\/posts"}],"about":[{"href":"https:\/\/agora.xtec.cat\/ceippractiques2-lleida\/wp-json\/wp\/v2\/types\/post"}],"author":[{"embeddable":true,"href":"https:\/\/agora.xtec.cat\/ceippractiques2-lleida\/wp-json\/wp\/v2\/users\/1"}],"replies":[{"embeddable":true,"href":"https:\/\/agora.xtec.cat\/ceippractiques2-lleida\/wp-json\/wp\/v2\/comments?post=2460"}],"version-history":[{"count":3,"href":"https:\/\/agora.xtec.cat\/ceippractiques2-lleida\/wp-json\/wp\/v2\/posts\/2460\/revisions"}],"predecessor-version":[{"id":2503,"href":"https:\/\/agora.xtec.cat\/ceippractiques2-lleida\/wp-json\/wp\/v2\/posts\/2460\/revisions\/2503"}],"wp:attachment":[{"href":"https:\/\/agora.xtec.cat\/ceippractiques2-lleida\/wp-json\/wp\/v2\/media?parent=2460"}],"wp:term":[{"taxonomy":"category","embeddable":true,"href":"https:\/\/agora.xtec.cat\/ceippractiques2-lleida\/wp-json\/wp\/v2\/categories?post=2460"},{"taxonomy":"post_tag","embeddable":true,"href":"https:\/\/agora.xtec.cat\/ceippractiques2-lleida\/wp-json\/wp\/v2\/tags?post=2460"}],"curies":[{"name":"wp","href":"https:\/\/api.w.org\/{rel}","templated":true}]}}