{"id":2362,"date":"2018-01-09T15:38:35","date_gmt":"2018-01-09T14:38:35","guid":{"rendered":"http:\/\/agora.xtec.cat\/ceippractiques2-lleida\/?p=2362"},"modified":"2018-01-09T23:32:28","modified_gmt":"2018-01-09T22:32:28","slug":"libres-per-llegir-i-regalar","status":"publish","type":"post","link":"https:\/\/agora.xtec.cat\/ceippractiques2-lleida\/portada\/libres-per-llegir-i-regalar\/","title":{"rendered":"Libres per llegir i regalar"},"content":{"rendered":"<p><span style=\"font-family: verdana,geneva,sans-serif; font-size: 20px;\">Com cada any des de la Biblioteca de l\u2019escola us hem fet un petit recull de recomanacions de llibres per poder llegir o regalar. Esperem us ajudi per a poder elegir alguna lectura per als vostres fills i filles.<\/span><\/p>\n<h5><span style=\"font-size: 20px;\"><strong>INFANTIL<\/strong><\/span><\/h5>\n<ul style=\"list-style-type: circle;\">\n<li>\n<h5><span style=\"font-size: 20px;\"><strong>Col\u00b7lecci\u00f3 Julius.<br \/>\n<\/strong><\/span><span style=\"font-size: 20px;\"><strong> Paul Frank. Edit <a href=\"http:\/\/agora.xtec.cat\/ceippractiques2-lleida\/wp-content\/uploads\/usu635\/2018\/01\/9788424637248.jpg\"><img loading=\"lazy\" decoding=\"async\" class=\"wp-image-2365 alignright\" src=\"http:\/\/agora.xtec.cat\/ceippractiques2-lleida\/wp-content\/uploads\/usu635\/2018\/01\/9788424637248-297x300.jpg\" alt=\"\" width=\"142\" height=\"143\" srcset=\"https:\/\/agora.xtec.cat\/ceippractiques2-lleida\/wp-content\/uploads\/usu635\/2018\/01\/9788424637248-297x300.jpg 297w, https:\/\/agora.xtec.cat\/ceippractiques2-lleida\/wp-content\/uploads\/usu635\/2018\/01\/9788424637248-150x150.jpg 150w, https:\/\/agora.xtec.cat\/ceippractiques2-lleida\/wp-content\/uploads\/usu635\/2018\/01\/9788424637248.jpg 310w\" sizes=\"auto, (max-width: 142px) 100vw, 142px\" \/><\/a><br \/>\nLa Galera.<\/strong><\/span><\/h5>\n<h5><span style=\"font-size: 20px;\"> El mico Julius \u00e9s un personatge divertit i \u00e9s molt f\u00e0cil de recon\u00e8ixer gr\u00e0cies als seus llavis pintats de vermell. \u00a0A les seves aventures \u00e9s \u00a0 f\u00e0cil veure\u2019l acompanyat dels seus amics, entre ells, la Girafa Clancy, el L\u00e8mur Pufak o el Gos Bob.<\/span><\/h5>\n<h5><span style=\"font-size: 20px;\"><span style=\"font-size: 20px;\"> La Galera ha editat tres llibres de Julius: un \u00e0lbum il\u00b7lustrat, un llibre-joc \u00a0i un llibre de textures.<\/span><\/span><\/h5>\n<h5><\/h5>\n<\/li>\n<li>\n<h5><span style=\"font-size: 20px;\"><strong>El secret de les girafes<br \/>\nAgust\u00edn Comotto<a href=\"http:\/\/agora.xtec.cat\/ceippractiques2-lleida\/wp-content\/uploads\/usu635\/2018\/01\/\u00edndex134.jpeg\"><img loading=\"lazy\" decoding=\"async\" class=\"alignright wp-image-2368\" src=\"http:\/\/agora.xtec.cat\/ceippractiques2-lleida\/wp-content\/uploads\/usu635\/2018\/01\/\u00edndex134.jpeg\" alt=\"\" width=\"145\" height=\"179\" \/><\/a><br \/>\nLa Galera.<\/strong><\/span><\/h5>\n<\/li>\n<\/ul>\n<h5 style=\"padding-left: 30px;\"><span style=\"font-size: 20px;\">Quin so emeten les girafes? Quin \u00e9s el secret que amaguen les girafes?\u00a0 <\/span><br \/>\n<span style=\"font-size: 20px;\"> Aquestes s\u00f3n les preguntes que es formula el fill del senyor girafa quan va caminant per la sabana africana al costat del seu pare.<\/span><br \/>\n<span style=\"font-size: 20px;\"> La jove girafa veu com els hipop\u00f2tams, els flamencs i d\u2019altres animals tenen un so molt personal i que els identifica, per\u00f2 en canvi les girafes no en tenen cap.<\/span><\/h5>\n<h5><\/h5>\n<ul style=\"list-style-type: circle;\">\n<li>\n<h5><span style=\"font-size: 20px;\"><strong>Contes per ser feli\u00e7.<a href=\"http:\/\/agora.xtec.cat\/ceippractiques2-lleida\/wp-content\/uploads\/usu635\/2018\/01\/contes-per-ser-felic_9788499323633.jpg\"><img loading=\"lazy\" decoding=\"async\" class=\"alignright wp-image-2366\" src=\"http:\/\/agora.xtec.cat\/ceippractiques2-lleida\/wp-content\/uploads\/usu635\/2018\/01\/contes-per-ser-felic_9788499323633-235x300.jpg\" alt=\"\" width=\"142\" height=\"182\" srcset=\"https:\/\/agora.xtec.cat\/ceippractiques2-lleida\/wp-content\/uploads\/usu635\/2018\/01\/contes-per-ser-felic_9788499323633-235x300.jpg 235w, https:\/\/agora.xtec.cat\/ceippractiques2-lleida\/wp-content\/uploads\/usu635\/2018\/01\/contes-per-ser-felic_9788499323633.jpg 252w\" sizes=\"auto, (max-width: 142px) 100vw, 142px\" \/><\/a><br \/>\nJordi Llavina i Gaspar Hern\u00e0ndez.<br \/>\nEstrella Polar.<\/strong><\/span><\/h5>\n<h5><span style=\"font-size: 20px;\"> Contes per a ser feli\u00e7\u2019 pot ser una bona eina per a molts pares, mares i educadors per tractar i parlar amb els m\u00e9s petits de temes com l\u2019autoestima, la por o la tristesa.<\/span><\/h5>\n<h5><span style=\"font-size: 20px;\"> Gaspar Hern\u00e0ndez i Jordi Llavina s\u2019han proposat fer-nos una mica m\u00e9s feli\u00e7os.<\/span><\/h5>\n<\/li>\n<\/ul>\n<h5><\/h5>\n<h5><\/h5>\n<ul style=\"list-style-type: circle;\">\n<li>\n<h5><span style=\"font-size: 20px;\"><strong>Qu\u00e8 llegeixen els animals abans de dormir.<br \/>\nNo\u00e9 Carlain i Nicolas Duffaut<a href=\"http:\/\/agora.xtec.cat\/ceippractiques2-lleida\/wp-content\/uploads\/usu635\/2018\/01\/\u00edndex123.jpeg\"><img loading=\"lazy\" decoding=\"async\" class=\"alignright wp-image-2367\" src=\"http:\/\/agora.xtec.cat\/ceippractiques2-lleida\/wp-content\/uploads\/usu635\/2018\/01\/\u00edndex123.jpeg\" alt=\"\" width=\"133\" height=\"180\" \/><\/a><br \/>\nEditorial Joventut<br \/>\n<\/strong><\/span><\/h5>\n<h5><span style=\"font-size: 20px;\"> Sembla ser que als animals tamb\u00e9 els agrada llegir,per\u00f2 cada animal compta amb les seves lectures favorites. Els cangur nom\u00e9s llegeixen llibres de butxaca i els ratpenats els hi agraden les hist\u00f2ries de vampirs.<\/span><\/h5>\n<\/li>\n<\/ul>\n<h5><\/h5>\n<ul style=\"list-style-type: circle;\">\n<li>\n<h5><span style=\"font-size: 20px;\"><strong>Albert Asensio. Ed.Joventut. <\/strong><\/span><\/h5>\n<\/li>\n<\/ul>\n<h5 style=\"padding-left: 30px;\"><span style=\"font-size: 20px;\">La primavera ja \u00e9s aqu\u00ed!<a href=\"http:\/\/agora.xtec.cat\/ceippractiques2-lleida\/wp-content\/uploads\/usu635\/2018\/01\/\u00edndex135.jpeg\"><img loading=\"lazy\" decoding=\"async\" class=\"alignright wp-image-2375\" src=\"http:\/\/agora.xtec.cat\/ceippractiques2-lleida\/wp-content\/uploads\/usu635\/2018\/01\/\u00edndex135.jpeg\" alt=\"\" width=\"152\" height=\"152\" srcset=\"https:\/\/agora.xtec.cat\/ceippractiques2-lleida\/wp-content\/uploads\/usu635\/2018\/01\/\u00edndex135.jpeg 225w, https:\/\/agora.xtec.cat\/ceippractiques2-lleida\/wp-content\/uploads\/usu635\/2018\/01\/\u00edndex135-150x150.jpeg 150w\" sizes=\"auto, (max-width: 152px) 100vw, 152px\" \/><\/a><\/span><\/h5>\n<h5 style=\"padding-left: 30px;\"><span style=\"font-size: 20px;\">L\u2019estiu ja \u00e9s aqu\u00ed!<\/span><\/h5>\n<h5 style=\"padding-left: 30px;\"><span style=\"font-size: 20px;\">La tardor ja \u00e9s aqu\u00ed!<\/span><\/h5>\n<h5 style=\"padding-left: 30px;\"><span style=\"font-size: 20px;\">L\u2019hivern ja \u00e9s aqu\u00ed!<\/span><\/h5>\n<h5><span style=\"font-size: 20px;\"><strong>\u00a0<\/strong><\/span><\/h5>\n<ul style=\"list-style-type: circle;\">\n<li>\n<h5><span style=\"font-size: 20px;\"><strong>Jonathan Bentley<\/strong>. <strong><strong>Ed.Patio<a href=\"http:\/\/agora.xtec.cat\/ceippractiques2-lleida\/wp-content\/uploads\/usu635\/2018\/01\/\u00edndex136.jpeg\"><img loading=\"lazy\" decoding=\"async\" class=\"wp-image-2376 alignright\" src=\"http:\/\/agora.xtec.cat\/ceippractiques2-lleida\/wp-content\/uploads\/usu635\/2018\/01\/\u00edndex136.jpeg\" alt=\"\" width=\"149\" height=\"155\" \/><\/a><br \/>\n\u00bfD\u00f3nde est\u00e0 el osito?<\/strong><\/strong><\/span><\/h5>\n<\/li>\n<\/ul>\n<h5><\/h5>\n<h5><span style=\"font-size: 20px;\"><strong><u>CICLE INICIAL<\/u><\/strong><\/span><\/h5>\n<h5><span style=\"font-size: 20px;\"><a href=\"http:\/\/agora.xtec.cat\/ceippractiques2-lleida\/wp-content\/uploads\/usu635\/2018\/01\/\u00edndex137.jpeg\"><img loading=\"lazy\" decoding=\"async\" class=\"alignright size-full wp-image-2377\" src=\"http:\/\/agora.xtec.cat\/ceippractiques2-lleida\/wp-content\/uploads\/usu635\/2018\/01\/\u00edndex137.jpeg\" alt=\"\" width=\"233\" height=\"216\" \/><\/a> <a href=\"http:\/\/agora.xtec.cat\/ceippractiques2-lleida\/wp-content\/uploads\/usu635\/2018\/01\/\u00edndex138.jpeg\"><img loading=\"lazy\" decoding=\"async\" class=\"alignright size-medium wp-image-2378\" src=\"http:\/\/agora.xtec.cat\/ceippractiques2-lleida\/wp-content\/uploads\/usu635\/2018\/01\/\u00edndex138.jpeg\" alt=\"\" width=\"225\" height=\"225\" srcset=\"https:\/\/agora.xtec.cat\/ceippractiques2-lleida\/wp-content\/uploads\/usu635\/2018\/01\/\u00edndex138.jpeg 225w, https:\/\/agora.xtec.cat\/ceippractiques2-lleida\/wp-content\/uploads\/usu635\/2018\/01\/\u00edndex138-150x150.jpeg 150w\" sizes=\"auto, (max-width: 225px) 100vw, 225px\" \/><\/a><\/span><\/h5>\n<h5><span style=\"font-size: 20px;\"><strong>El jardiner Nocturn<\/strong><\/span><br \/>\n<span style=\"font-size: 20px;\"> The Fan Brothers. Estrella Polar<\/span><\/h5>\n<h5><span style=\"font-size: 20px;\"><strong>Una nova terra<\/strong><\/span><br \/>\n<span style=\"font-size: 20px;\"> Francesc Candel. Associaci\u00f3 de Mestres Rosa Sensat<\/span><\/h5>\n<h5><span style=\"font-size: 20px;\"><strong>Vermell: Hist\u00f2ria d\u2019una cera de colors.<\/strong><\/span><br \/>\n<span style=\"font-size: 20px;\"> Michael Hall. Takatuka<\/span><\/h5>\n<h5><\/h5>\n<h5><span style=\"font-size: 20px;\"><strong><u>CICLE MITJ\u00c0<a href=\"http:\/\/agora.xtec.cat\/ceippractiques2-lleida\/wp-content\/uploads\/usu635\/2018\/01\/\u00edndex139.jpeg\"><img loading=\"lazy\" decoding=\"async\" class=\"alignright size-full wp-image-2379\" src=\"http:\/\/agora.xtec.cat\/ceippractiques2-lleida\/wp-content\/uploads\/usu635\/2018\/01\/\u00edndex139.jpeg\" alt=\"\" width=\"186\" height=\"271\" \/><\/a><br \/>\n<\/u><\/strong><\/span><\/h5>\n<ul>\n<li>\n<h5><span style=\"font-size: 20px;\"><strong>El hada acaramelada<br \/>\n<\/strong>Gloria Fuertes. N\u00f3rdica Libros<\/span><\/h5>\n<\/li>\n<li>\n<h5><span style=\"font-size: 20px;\"><strong>Que b\u00e9 que ens ho hem passat!<br \/>\n<\/strong>Michael Morpurgo. Bamb\u00fa<\/span><\/h5>\n<\/li>\n<li>\n<h5><span style=\"font-size: 20px;\"><strong>Poemes amb llum de lluna<br \/>\n<\/strong> Dolors Pellicer. Bromera<\/span><\/h5>\n<\/li>\n<li>\n<h5><span style=\"font-size: 20px;\"><strong>Mujeres de ciencia<br \/>\n<\/strong>Rachel Ignotofsky. N\u00f3rdica Libros <\/span><\/h5>\n<\/li>\n<\/ul>\n<h5><span style=\"font-size: 20px;\"><strong>\u00a0<\/strong><\/span><\/h5>\n<h5><span style=\"font-size: 20px;\"><strong><u>CICLE SUPERIOR<a href=\"http:\/\/agora.xtec.cat\/ceippractiques2-lleida\/wp-content\/uploads\/usu635\/2018\/01\/\u00edndex130.jpeg\"><img loading=\"lazy\" decoding=\"async\" class=\"alignright size-medium wp-image-2381\" src=\"http:\/\/agora.xtec.cat\/ceippractiques2-lleida\/wp-content\/uploads\/usu635\/2018\/01\/\u00edndex130.jpeg\" alt=\"\" width=\"179\" height=\"282\" \/><\/a><br \/>\n<\/u><\/strong><\/span><\/h5>\n<ul style=\"list-style-type: disc;\">\n<li>\n<h5><span style=\"font-size: 20px;\"><strong>En Mattia i l\u2019avi<br \/>\n<\/strong>Roberto Piumini. Viena\u00a0<a href=\"http:\/\/agora.xtec.cat\/ceippractiques2-lleida\/wp-content\/uploads\/usu635\/2018\/01\/\u00edndex131.jpeg\"><img loading=\"lazy\" decoding=\"async\" class=\"alignright size-full wp-image-2380\" src=\"http:\/\/agora.xtec.cat\/ceippractiques2-lleida\/wp-content\/uploads\/usu635\/2018\/01\/\u00edndex131.jpeg\" alt=\"\" width=\"175\" height=\"241\" \/><\/a><\/span><\/h5>\n<\/li>\n<li>\n<h5><span style=\"font-size: 20px;\"><strong>\u00a0<\/strong><strong>L\u2019Odissea de l\u2019Ollie<br \/>\n<\/strong>William Joyce. Bamb\u00fa<\/span><\/h5>\n<\/li>\n<li>\n<h5><span style=\"font-size: 20px;\">\u00a0<strong>Nosaltres, la nostra Hist\u00f2ria<\/strong><br \/>\n<\/span><span style=\"font-size: 20px;\">Yvan Pommaux. Joventut<\/span><\/h5>\n<\/li>\n<\/ul>\n","protected":false},"excerpt":{"rendered":"<p>Com cada any des de la Biblioteca de l\u2019escola us hem fet un petit recull de recomanacions de llibres per poder llegir o regalar. Esperem us ajudi per a poder elegir alguna lectura per als vostres fills i filles.<br \/>\nINFANTIL<\/p>\n<ul style=\"list-style-type: circle;\">\n<li>\nCol\u00b7lecci\u00f3 Julius.<br \/>\n Paul Frank. Edit&hellip;  <a href=\"https:\/\/agora.xtec.cat\/ceippractiques2-lleida\/portada\/libres-per-llegir-i-regalar\/\" title=\"Read Libres per llegir i regalar\">Llegeix m\u00e9s\u00bb<\/a><\/p>\n","protected":false},"author":1,"featured_media":0,"comment_status":"open","ping_status":"closed","sticky":false,"template":"","format":"standard","meta":{"_bbp_topic_count":0,"_bbp_reply_count":0,"_bbp_total_topic_count":0,"_bbp_total_reply_count":0,"_bbp_voice_count":0,"_bbp_anonymous_reply_count":0,"_bbp_topic_count_hidden":0,"_bbp_reply_count_hidden":0,"_bbp_forum_subforum_count":0,"footnotes":""},"categories":[4],"tags":[],"class_list":["post-2362","post","type-post","status-publish","format-standard","hentry","category-portada"],"post_mailing_queue_ids":[],"_links":{"self":[{"href":"https:\/\/agora.xtec.cat\/ceippractiques2-lleida\/wp-json\/wp\/v2\/posts\/2362","targetHints":{"allow":["GET"]}}],"collection":[{"href":"https:\/\/agora.xtec.cat\/ceippractiques2-lleida\/wp-json\/wp\/v2\/posts"}],"about":[{"href":"https:\/\/agora.xtec.cat\/ceippractiques2-lleida\/wp-json\/wp\/v2\/types\/post"}],"author":[{"embeddable":true,"href":"https:\/\/agora.xtec.cat\/ceippractiques2-lleida\/wp-json\/wp\/v2\/users\/1"}],"replies":[{"embeddable":true,"href":"https:\/\/agora.xtec.cat\/ceippractiques2-lleida\/wp-json\/wp\/v2\/comments?post=2362"}],"version-history":[{"count":3,"href":"https:\/\/agora.xtec.cat\/ceippractiques2-lleida\/wp-json\/wp\/v2\/posts\/2362\/revisions"}],"predecessor-version":[{"id":2390,"href":"https:\/\/agora.xtec.cat\/ceippractiques2-lleida\/wp-json\/wp\/v2\/posts\/2362\/revisions\/2390"}],"wp:attachment":[{"href":"https:\/\/agora.xtec.cat\/ceippractiques2-lleida\/wp-json\/wp\/v2\/media?parent=2362"}],"wp:term":[{"taxonomy":"category","embeddable":true,"href":"https:\/\/agora.xtec.cat\/ceippractiques2-lleida\/wp-json\/wp\/v2\/categories?post=2362"},{"taxonomy":"post_tag","embeddable":true,"href":"https:\/\/agora.xtec.cat\/ceippractiques2-lleida\/wp-json\/wp\/v2\/tags?post=2362"}],"curies":[{"name":"wp","href":"https:\/\/api.w.org\/{rel}","templated":true}]}}