{"id":2346,"date":"2017-12-28T20:24:20","date_gmt":"2017-12-28T19:24:20","guid":{"rendered":"http:\/\/agora.xtec.cat\/ceippractiques2-lleida\/?p=2346"},"modified":"2017-12-28T20:57:11","modified_gmt":"2017-12-28T19:57:11","slug":"el-temps-i-el-clima","status":"publish","type":"post","link":"https:\/\/agora.xtec.cat\/ceippractiques2-lleida\/4t\/el-temps-i-el-clima\/","title":{"rendered":"El temps i el clima"},"content":{"rendered":"<p><span style=\"font-size: 20px; font-family: verdana, geneva, sans-serif;\">Aprofitant que estem estudiant el temps i el clima, en aquesta p\u00e0gina web, for\u00e7a completa, podreu veure a part del temps actual a Lleida molts m\u00e9s aspectes:mapes de vents, despla\u00e7aments de vaixells, avions, reculls de pluviometria, sortida i posta de sol, calendari lunar&#8230; Segur que us hi entretindreu for\u00e7a estona!<\/span><\/p>\n<p style=\"text-align: left;\"><a href=\"http:\/\/meteolleida.cat\/weather28\/index.php?p=wsStartPage&amp;lang=ca\" target=\"_blank\" rel=\"noopener noreferrer\"><img loading=\"lazy\" decoding=\"async\" class=\"size-medium wp-image-2347 aligncenter\" src=\"http:\/\/agora.xtec.cat\/ceippractiques2-lleida\/wp-content\/uploads\/usu635\/2017\/12\/Captura-de-pantalla-2017-12-28-a-les-20.14.20-300x233.png\" alt=\"\" width=\"300\" height=\"233\" srcset=\"https:\/\/agora.xtec.cat\/ceippractiques2-lleida\/wp-content\/uploads\/usu635\/2017\/12\/Captura-de-pantalla-2017-12-28-a-les-20.14.20-300x233.png 300w, https:\/\/agora.xtec.cat\/ceippractiques2-lleida\/wp-content\/uploads\/usu635\/2017\/12\/Captura-de-pantalla-2017-12-28-a-les-20.14.20-768x597.png 768w, https:\/\/agora.xtec.cat\/ceippractiques2-lleida\/wp-content\/uploads\/usu635\/2017\/12\/Captura-de-pantalla-2017-12-28-a-les-20.14.20-1024x796.png 1024w, https:\/\/agora.xtec.cat\/ceippractiques2-lleida\/wp-content\/uploads\/usu635\/2017\/12\/Captura-de-pantalla-2017-12-28-a-les-20.14.20.png 1119w\" sizes=\"auto, (max-width: 300px) 100vw, 300px\" \/><\/a><\/p>\n<p style=\"text-align: left;\"><span style=\"font-size: 20px; font-family: verdana, geneva, sans-serif;\">Fixeu-vos amb la pluja que ha caigut enguany:\u00a0 dels 426 l. que ha plugut al llarg de l&#8217;any, 325 van caure entre el mar\u00e7, l&#8217;abril i el maig:<\/span><\/p>\n<table style=\"width: 859px; height: 381px;\">\n<tbody>\n<tr style=\"height: 340px;\">\n<td style=\"width: 421.633px; height: 340px;\"><a href=\"http:\/\/meteolleida.cat\/weather28\/index.php?p=wsReports#data-area\" target=\"_blank\" rel=\"noopener noreferrer\"><img loading=\"lazy\" decoding=\"async\" class=\"size-medium wp-image-2348 aligncenter\" src=\"http:\/\/agora.xtec.cat\/ceippractiques2-lleida\/wp-content\/uploads\/usu635\/2017\/12\/Captura-de-pantalla-2017-12-28-a-les-20.21.03-300x247.png\" alt=\"\" width=\"300\" height=\"247\" srcset=\"https:\/\/agora.xtec.cat\/ceippractiques2-lleida\/wp-content\/uploads\/usu635\/2017\/12\/Captura-de-pantalla-2017-12-28-a-les-20.21.03-300x247.png 300w, https:\/\/agora.xtec.cat\/ceippractiques2-lleida\/wp-content\/uploads\/usu635\/2017\/12\/Captura-de-pantalla-2017-12-28-a-les-20.21.03-768x632.png 768w, https:\/\/agora.xtec.cat\/ceippractiques2-lleida\/wp-content\/uploads\/usu635\/2017\/12\/Captura-de-pantalla-2017-12-28-a-les-20.21.03-1024x843.png 1024w, https:\/\/agora.xtec.cat\/ceippractiques2-lleida\/wp-content\/uploads\/usu635\/2017\/12\/Captura-de-pantalla-2017-12-28-a-les-20.21.03.png 1099w\" sizes=\"auto, (max-width: 300px) 100vw, 300px\" \/><\/a><\/p>\n<p><span style=\"font-size: 20px;\">Pluviometria <span style=\"font-size: 14px;\">(Al n\u00ba 1 cliqueu<strong> <em>2017<\/em>,<\/strong> al n\u00ba 3 cliqueu a <strong><em>rain<\/em><\/strong>\u00a0 i al n\u00ba4\u00a0 cal clicar a <strong><em>go<\/em><\/strong>)<\/span><\/span><\/td>\n<td style=\"width: 429.533px; height: 340px;\"><a href=\"https:\/\/www.windy.com\/41.611\/0.621?40.668,0.621,6,m:eOwagcd\" target=\"_blank\" rel=\"noopener noreferrer\"><img loading=\"lazy\" decoding=\"async\" class=\"wp-image-2351 alignright\" src=\"http:\/\/agora.xtec.cat\/ceippractiques2-lleida\/wp-content\/uploads\/usu635\/2017\/12\/Captura-de-pantalla-2017-12-28-a-les-20.29.44-300x298.png\" alt=\"\" width=\"258\" height=\"256\" srcset=\"https:\/\/agora.xtec.cat\/ceippractiques2-lleida\/wp-content\/uploads\/usu635\/2017\/12\/Captura-de-pantalla-2017-12-28-a-les-20.29.44-300x298.png 300w, https:\/\/agora.xtec.cat\/ceippractiques2-lleida\/wp-content\/uploads\/usu635\/2017\/12\/Captura-de-pantalla-2017-12-28-a-les-20.29.44-150x150.png 150w, https:\/\/agora.xtec.cat\/ceippractiques2-lleida\/wp-content\/uploads\/usu635\/2017\/12\/Captura-de-pantalla-2017-12-28-a-les-20.29.44.png 694w\" sizes=\"auto, (max-width: 258px) 100vw, 258px\" \/><\/a><\/p>\n<p>&nbsp;<\/p>\n<p>&nbsp;<\/p>\n<p>&nbsp;<\/p>\n<p>&nbsp;<\/p>\n<p>&nbsp;<\/p>\n<p>&nbsp;<\/p>\n<p style=\"text-align: left;\"><span style=\"font-size: 20px;\">\u00a0\u00a0 Mapa de vents <span style=\"font-size: 14px;\">(Quin \u00e9s el vent que m\u00e9s bufa a Lleida?) <\/span><\/span><\/p>\n<p style=\"text-align: left;\">\n<\/td>\n<\/tr>\n<\/tbody>\n<\/table>\n","protected":false},"excerpt":{"rendered":"<p>Aprofitant que estem estudiant el temps i el clima, en aquesta p\u00e0gina web, for\u00e7a completa, podreu veure a part del temps actual a Lleida molts m\u00e9s aspectes:mapes de vents, despla\u00e7aments de vaixells, avions, reculls de pluviometria, sortida i posta de sol, calendari lunar&#8230; Segur que&hellip;  <a href=\"https:\/\/agora.xtec.cat\/ceippractiques2-lleida\/4t\/el-temps-i-el-clima\/\" title=\"Read El temps i el clima\">Llegeix m\u00e9s\u00bb<\/a><\/p>\n","protected":false},"author":1,"featured_media":0,"comment_status":"open","ping_status":"closed","sticky":false,"template":"","format":"standard","meta":{"_bbp_topic_count":0,"_bbp_reply_count":0,"_bbp_total_topic_count":0,"_bbp_total_reply_count":0,"_bbp_voice_count":0,"_bbp_anonymous_reply_count":0,"_bbp_topic_count_hidden":0,"_bbp_reply_count_hidden":0,"_bbp_forum_subforum_count":0,"footnotes":""},"categories":[13],"tags":[],"class_list":["post-2346","post","type-post","status-publish","format-standard","hentry","category-4t"],"post_mailing_queue_ids":[],"_links":{"self":[{"href":"https:\/\/agora.xtec.cat\/ceippractiques2-lleida\/wp-json\/wp\/v2\/posts\/2346","targetHints":{"allow":["GET"]}}],"collection":[{"href":"https:\/\/agora.xtec.cat\/ceippractiques2-lleida\/wp-json\/wp\/v2\/posts"}],"about":[{"href":"https:\/\/agora.xtec.cat\/ceippractiques2-lleida\/wp-json\/wp\/v2\/types\/post"}],"author":[{"embeddable":true,"href":"https:\/\/agora.xtec.cat\/ceippractiques2-lleida\/wp-json\/wp\/v2\/users\/1"}],"replies":[{"embeddable":true,"href":"https:\/\/agora.xtec.cat\/ceippractiques2-lleida\/wp-json\/wp\/v2\/comments?post=2346"}],"version-history":[{"count":3,"href":"https:\/\/agora.xtec.cat\/ceippractiques2-lleida\/wp-json\/wp\/v2\/posts\/2346\/revisions"}],"predecessor-version":[{"id":2358,"href":"https:\/\/agora.xtec.cat\/ceippractiques2-lleida\/wp-json\/wp\/v2\/posts\/2346\/revisions\/2358"}],"wp:attachment":[{"href":"https:\/\/agora.xtec.cat\/ceippractiques2-lleida\/wp-json\/wp\/v2\/media?parent=2346"}],"wp:term":[{"taxonomy":"category","embeddable":true,"href":"https:\/\/agora.xtec.cat\/ceippractiques2-lleida\/wp-json\/wp\/v2\/categories?post=2346"},{"taxonomy":"post_tag","embeddable":true,"href":"https:\/\/agora.xtec.cat\/ceippractiques2-lleida\/wp-json\/wp\/v2\/tags?post=2346"}],"curies":[{"name":"wp","href":"https:\/\/api.w.org\/{rel}","templated":true}]}}