{"id":2275,"date":"2017-12-11T12:58:56","date_gmt":"2017-12-11T11:58:56","guid":{"rendered":"http:\/\/agora.xtec.cat\/ceippractiques2-lleida\/?p=2275"},"modified":"2017-12-12T15:15:38","modified_gmt":"2017-12-12T14:15:38","slug":"cartell-cucalocum-denguany","status":"publish","type":"post","link":"https:\/\/agora.xtec.cat\/ceippractiques2-lleida\/portada\/cartell-cucalocum-denguany\/","title":{"rendered":"Cartell Cucal\u00f2cum d&#8217;enguany"},"content":{"rendered":"<p style=\"text-align: left;\"><span style=\"font-size: 20px; font-family: verdana,geneva,sans-serif;\"><br \/>\nLa Nat\u00e0lia Galindo, alumna de 5\u00e8 A del nostre Centre, ha guanyat el 1r premi del concurs de dibuix del Cucal\u00f2cum.<\/span><br \/>\n<span style=\"font-size: 20px; font-family: verdana,geneva,sans-serif;\"> El seu dibuix ser\u00e0 l&#8217;encarregat de publicitar\u00a0 el parc de Nadal d&#8217;aquest any.<br \/>\n<\/span><br \/>\n<span style=\"font-size: 20px; font-family: verdana,geneva,sans-serif;\"> Enhorabona pel teu cartell!<\/span><\/p>\n<p><a href=\"http:\/\/agora.xtec.cat\/ceippractiques2-lleida\/wp-content\/uploads\/usu635\/2017\/12\/cuca2.png\"><img loading=\"lazy\" decoding=\"async\" class=\" wp-image-2276 aligncenter\" src=\"http:\/\/agora.xtec.cat\/ceippractiques2-lleida\/wp-content\/uploads\/usu635\/2017\/12\/cuca2-300x200.png\" alt=\"\" width=\"405\" height=\"270\" srcset=\"https:\/\/agora.xtec.cat\/ceippractiques2-lleida\/wp-content\/uploads\/usu635\/2017\/12\/cuca2-300x200.png 300w, https:\/\/agora.xtec.cat\/ceippractiques2-lleida\/wp-content\/uploads\/usu635\/2017\/12\/cuca2-768x512.png 768w, https:\/\/agora.xtec.cat\/ceippractiques2-lleida\/wp-content\/uploads\/usu635\/2017\/12\/cuca2.png 1000w\" sizes=\"auto, (max-width: 405px) 100vw, 405px\" \/><\/a><\/p>\n<p style=\"text-align: center;\"><a href=\"http:\/\/agora.xtec.cat\/ceippractiques2-lleida\/wp-content\/uploads\/usu635\/2017\/12\/cuca1-1.png\"><img loading=\"lazy\" decoding=\"async\" class=\"wp-image-2278 alignleft\" src=\"http:\/\/agora.xtec.cat\/ceippractiques2-lleida\/wp-content\/uploads\/usu635\/2017\/12\/cuca1-1-204x300.png\" alt=\"\" width=\"262\" height=\"385\" srcset=\"https:\/\/agora.xtec.cat\/ceippractiques2-lleida\/wp-content\/uploads\/usu635\/2017\/12\/cuca1-1-204x300.png 204w, https:\/\/agora.xtec.cat\/ceippractiques2-lleida\/wp-content\/uploads\/usu635\/2017\/12\/cuca1-1-768x1127.png 768w, https:\/\/agora.xtec.cat\/ceippractiques2-lleida\/wp-content\/uploads\/usu635\/2017\/12\/cuca1-1-698x1024.png 698w, https:\/\/agora.xtec.cat\/ceippractiques2-lleida\/wp-content\/uploads\/usu635\/2017\/12\/cuca1-1.png 789w\" sizes=\"auto, (max-width: 262px) 100vw, 262px\" \/><\/a><a href=\"http:\/\/agora.xtec.cat\/ceippractiques2-lleida\/wp-content\/uploads\/usu635\/2017\/12\/1512671277937.jpg\"><img loading=\"lazy\" decoding=\"async\" class=\"wp-image-2288 aligncenter\" src=\"http:\/\/agora.xtec.cat\/ceippractiques2-lleida\/wp-content\/uploads\/usu635\/2017\/12\/1512671277937-168x300.jpg\" alt=\"\" width=\"224\" height=\"401\" \/><\/a><\/p>\n<p style=\"text-align: center;\">\n<p style=\"text-align: center;\"><a href=\"http:\/\/agora.xtec.cat\/ceippractiques2-lleida\/wp-content\/uploads\/usu635\/2017\/12\/1512473767194.jpg\"><img loading=\"lazy\" decoding=\"async\" class=\"wp-image-2289\" src=\"http:\/\/agora.xtec.cat\/ceippractiques2-lleida\/wp-content\/uploads\/usu635\/2017\/12\/1512473767194-300x168.jpg\" alt=\"\" width=\"500\" height=\"280\" srcset=\"https:\/\/agora.xtec.cat\/ceippractiques2-lleida\/wp-content\/uploads\/usu635\/2017\/12\/1512473767194-300x168.jpg 300w, https:\/\/agora.xtec.cat\/ceippractiques2-lleida\/wp-content\/uploads\/usu635\/2017\/12\/1512473767194.jpg 520w\" sizes=\"auto, (max-width: 500px) 100vw, 500px\" \/><\/a><\/p>\n","protected":false},"excerpt":{"rendered":"<p>La Nat\u00e0lia Galindo, alumna de 5\u00e8 A del nostre Centre, ha guanyat el 1r premi del concurs de dibuix del Cucal\u00f2cum.<br \/>\n El seu dibuix ser\u00e0 l&#8217;encarregat de publicitar\u00a0 el parc de Nadal d&#8217;aquest any.<\/p>\n<p> Enhorabona pel teu cartell!<br \/>\n<a href=\"http:\/\/agora.xtec.cat\/ceippractiques2-lleida\/wp-content\/uploads\/usu635\/2017\/12\/cuca2.png\"><\/a><br \/>\n<a href=\"http:\/\/agora.xtec.cat\/ceippractiques2-lleida\/wp-content\/uploads\/usu635\/2017\/12\/cuca1-1.png\"><\/a><a href=\"http:\/\/agora.xtec.cat\/ceippractiques2-lleida\/wp-content\/uploads\/usu635\/2017\/12\/1512671277937.jpg\"><\/a><\/p>\n<p><a href=\"http:\/\/agora.xtec.cat\/ceippractiques2-lleida\/wp-content\/uploads\/usu635\/2017\/12\/1512473767194.jpg\"><\/a><\/p>\n","protected":false},"author":1,"featured_media":2280,"comment_status":"open","ping_status":"closed","sticky":false,"template":"","format":"standard","meta":{"_bbp_topic_count":0,"_bbp_reply_count":0,"_bbp_total_topic_count":0,"_bbp_total_reply_count":0,"_bbp_voice_count":0,"_bbp_anonymous_reply_count":0,"_bbp_topic_count_hidden":0,"_bbp_reply_count_hidden":0,"_bbp_forum_subforum_count":0,"footnotes":""},"categories":[4],"tags":[],"class_list":["post-2275","post","type-post","status-publish","format-standard","has-post-thumbnail","hentry","category-portada"],"post_mailing_queue_ids":[],"_links":{"self":[{"href":"https:\/\/agora.xtec.cat\/ceippractiques2-lleida\/wp-json\/wp\/v2\/posts\/2275","targetHints":{"allow":["GET"]}}],"collection":[{"href":"https:\/\/agora.xtec.cat\/ceippractiques2-lleida\/wp-json\/wp\/v2\/posts"}],"about":[{"href":"https:\/\/agora.xtec.cat\/ceippractiques2-lleida\/wp-json\/wp\/v2\/types\/post"}],"author":[{"embeddable":true,"href":"https:\/\/agora.xtec.cat\/ceippractiques2-lleida\/wp-json\/wp\/v2\/users\/1"}],"replies":[{"embeddable":true,"href":"https:\/\/agora.xtec.cat\/ceippractiques2-lleida\/wp-json\/wp\/v2\/comments?post=2275"}],"version-history":[{"count":3,"href":"https:\/\/agora.xtec.cat\/ceippractiques2-lleida\/wp-json\/wp\/v2\/posts\/2275\/revisions"}],"predecessor-version":[{"id":2290,"href":"https:\/\/agora.xtec.cat\/ceippractiques2-lleida\/wp-json\/wp\/v2\/posts\/2275\/revisions\/2290"}],"wp:featuredmedia":[{"embeddable":true,"href":"https:\/\/agora.xtec.cat\/ceippractiques2-lleida\/wp-json\/wp\/v2\/media\/2280"}],"wp:attachment":[{"href":"https:\/\/agora.xtec.cat\/ceippractiques2-lleida\/wp-json\/wp\/v2\/media?parent=2275"}],"wp:term":[{"taxonomy":"category","embeddable":true,"href":"https:\/\/agora.xtec.cat\/ceippractiques2-lleida\/wp-json\/wp\/v2\/categories?post=2275"},{"taxonomy":"post_tag","embeddable":true,"href":"https:\/\/agora.xtec.cat\/ceippractiques2-lleida\/wp-json\/wp\/v2\/tags?post=2275"}],"curies":[{"name":"wp","href":"https:\/\/api.w.org\/{rel}","templated":true}]}}